{"id":356,"date":"2023-12-06T11:29:58","date_gmt":"2023-12-06T11:29:58","guid":{"rendered":"https:\/\/www.portalassessoria.com.br\/blog\/?p=356"},"modified":"2023-12-07T12:35:49","modified_gmt":"2023-12-07T12:35:49","slug":"gestao-de-pessoal-otimizando-os-resultados","status":"publish","type":"post","link":"https:\/\/portalassessoria.com.br\/blog\/2023\/12\/06\/gestao-de-pessoal-otimizando-os-resultados\/","title":{"rendered":"Gest\u00e3o de pessoal: Otimizando os resultados!"},"content":{"rendered":"<span class=\"rt-reading-time\" style=\"display: block;\"><span class=\"rt-label rt-prefix\">Tempo de leitura<\/span> <span class=\"rt-time\">5<\/span> <span class=\"rt-label rt-postfix\">minutos<\/span><\/span>\n<p>A gest\u00e3o de pessoal \u00e9 essencial em qualquer neg\u00f3cio, uma vez que se trata de um trabalho minucioso e detalhado, com foco em realizar os processos burocr\u00e1ticos que envolvem a contrata\u00e7\u00e3o, manuten\u00e7\u00e3o ou dispensa de colaboradores, garantindo que todas as obriga\u00e7\u00f5es da empresa sejam cumpridas.<\/p>\n\n\n\n<p>Neste artigo, exploraremos todos os pontos-chave deste servi\u00e7o, para que voc\u00ea obtenha mais conhecimento acerca do assunto.<\/p>\n\n\n\n<p>Boa leitura!<\/p>\n\n\n\n<div id=\"ez-toc-container\" class=\"ez-toc-v2_0_69_1 counter-hierarchy ez-toc-counter ez-toc-white ez-toc-container-direction\">\n<div class=\"ez-toc-title-container\">\n<p class=\"ez-toc-title\" style=\"cursor:inherit\">LISTA DE T\u00d3PICOS<\/p>\n<span class=\"ez-toc-title-toggle\"><a href=\"#\" class=\"ez-toc-pull-right ez-toc-btn ez-toc-btn-xs ez-toc-btn-default ez-toc-toggle\" aria-label=\"Toggle Table of Content\"><span class=\"ez-toc-js-icon-con\"><span class=\"\"><span class=\"eztoc-hide\" style=\"display:none;\">Toggle<\/span><span class=\"ez-toc-icon-toggle-span\"><svg style=\"fill: #999;color:#999\" xmlns=\"http:\/\/www.w3.org\/2000\/svg\" class=\"list-377408\" width=\"20px\" height=\"20px\" viewBox=\"0 0 24 24\" fill=\"none\"><path d=\"M6 6H4v2h2V6zm14 0H8v2h12V6zM4 11h2v2H4v-2zm16 0H8v2h12v-2zM4 16h2v2H4v-2zm16 0H8v2h12v-2z\" fill=\"currentColor\"><\/path><\/svg><svg style=\"fill: #999;color:#999\" class=\"arrow-unsorted-368013\" xmlns=\"http:\/\/www.w3.org\/2000\/svg\" width=\"10px\" height=\"10px\" viewBox=\"0 0 24 24\" version=\"1.2\" baseProfile=\"tiny\"><path d=\"M18.2 9.3l-6.2-6.3-6.2 6.3c-.2.2-.3.4-.3.7s.1.5.3.7c.2.2.4.3.7.3h11c.3 0 .5-.1.7-.3.2-.2.3-.5.3-.7s-.1-.5-.3-.7zM5.8 14.7l6.2 6.3 6.2-6.3c.2-.2.3-.5.3-.7s-.1-.5-.3-.7c-.2-.2-.4-.3-.7-.3h-11c-.3 0-.5.1-.7.3-.2.2-.3.5-.3.7s.1.5.3.7z\"\/><\/svg><\/span><\/span><\/span><\/a><\/span><\/div>\n<nav><ul class='ez-toc-list ez-toc-list-level-1 ' ><li class='ez-toc-page-1 ez-toc-heading-level-2'><a class=\"ez-toc-link ez-toc-heading-1\" href=\"https:\/\/portalassessoria.com.br\/blog\/2023\/12\/06\/gestao-de-pessoal-otimizando-os-resultados\/#O_que_e_o_servico_de_gestao_de_pessoal\" title=\"O que \u00e9 o servi\u00e7o de gest\u00e3o de pessoal?\">O que \u00e9 o servi\u00e7o de gest\u00e3o de pessoal?<\/a><ul class='ez-toc-list-level-3' ><li class='ez-toc-heading-level-3'><a class=\"ez-toc-link ez-toc-heading-2\" href=\"https:\/\/portalassessoria.com.br\/blog\/2023\/12\/06\/gestao-de-pessoal-otimizando-os-resultados\/#1_Elaboracao_da_folha_de_pagamento_e_recolhimento_de_encargos\" title=\"1. Elabora\u00e7\u00e3o da folha de pagamento e recolhimento de encargos\">1. Elabora\u00e7\u00e3o da folha de pagamento e recolhimento de encargos<\/a><\/li><li class='ez-toc-page-1 ez-toc-heading-level-3'><a class=\"ez-toc-link ez-toc-heading-3\" href=\"https:\/\/portalassessoria.com.br\/blog\/2023\/12\/06\/gestao-de-pessoal-otimizando-os-resultados\/#2_Registro_de_empregados_e_processos_de_admissao_e_rescisao\" title=\"2. Registro de empregados e processos de admiss\u00e3o e rescis\u00e3o\">2. Registro de empregados e processos de admiss\u00e3o e rescis\u00e3o<\/a><\/li><li class='ez-toc-page-1 ez-toc-heading-level-3'><a class=\"ez-toc-link ez-toc-heading-4\" href=\"https:\/\/portalassessoria.com.br\/blog\/2023\/12\/06\/gestao-de-pessoal-otimizando-os-resultados\/#3_Cumprimento_de_obrigacoes_acessorias\" title=\"3. Cumprimento de obriga\u00e7\u00f5es acess\u00f3rias\">3. Cumprimento de obriga\u00e7\u00f5es acess\u00f3rias<\/a><\/li><\/ul><\/li><li class='ez-toc-page-1 ez-toc-heading-level-2'><a class=\"ez-toc-link ez-toc-heading-5\" href=\"https:\/\/portalassessoria.com.br\/blog\/2023\/12\/06\/gestao-de-pessoal-otimizando-os-resultados\/#Qual_a_importancia_da_gestao_de_pessoal\" title=\"Qual a import\u00e2ncia da gest\u00e3o de pessoal?\">Qual a import\u00e2ncia da gest\u00e3o de pessoal?<\/a><ul class='ez-toc-list-level-3' ><li class='ez-toc-heading-level-3'><a class=\"ez-toc-link ez-toc-heading-6\" href=\"https:\/\/portalassessoria.com.br\/blog\/2023\/12\/06\/gestao-de-pessoal-otimizando-os-resultados\/#Eficiencia_operacional\" title=\"Efici\u00eancia operacional\">Efici\u00eancia operacional<\/a><\/li><li class='ez-toc-page-1 ez-toc-heading-level-3'><a class=\"ez-toc-link ez-toc-heading-7\" href=\"https:\/\/portalassessoria.com.br\/blog\/2023\/12\/06\/gestao-de-pessoal-otimizando-os-resultados\/#Conformidade_regulatoria\" title=\"Conformidade regulat\u00f3ria:\">Conformidade regulat\u00f3ria:<\/a><\/li><li class='ez-toc-page-1 ez-toc-heading-level-3'><a class=\"ez-toc-link ez-toc-heading-8\" href=\"https:\/\/portalassessoria.com.br\/blog\/2023\/12\/06\/gestao-de-pessoal-otimizando-os-resultados\/#Planejamento_estrategico\" title=\"Planejamento estrat\u00e9gico:\">Planejamento estrat\u00e9gico:<\/a><\/li><\/ul><\/li><li class='ez-toc-page-1 ez-toc-heading-level-2'><a class=\"ez-toc-link ez-toc-heading-9\" href=\"https:\/\/portalassessoria.com.br\/blog\/2023\/12\/06\/gestao-de-pessoal-otimizando-os-resultados\/#Portal_Assessoria_Sua_parceira_em_gestao_de_pessoal\" title=\"Portal Assessoria: Sua parceira em gest\u00e3o de pessoal\">Portal Assessoria: Sua parceira em gest\u00e3o de pessoal<\/a><ul class='ez-toc-list-level-4' ><li class='ez-toc-heading-level-4'><ul class='ez-toc-list-level-4' ><li class='ez-toc-heading-level-4'><a class=\"ez-toc-link ez-toc-heading-10\" href=\"https:\/\/portalassessoria.com.br\/blog\/2023\/12\/06\/gestao-de-pessoal-otimizando-os-resultados\/#Outras_leituras_recomendadas\" title=\"Outras leituras recomendadas:\">Outras leituras recomendadas:<\/a><\/li><\/ul><\/li><\/ul><\/li><\/ul><\/nav><\/div>\n<h2 class=\"wp-block-heading\"><span class=\"ez-toc-section\" id=\"O_que_e_o_servico_de_gestao_de_pessoal\"><\/span>O que \u00e9 o servi\u00e7o de gest\u00e3o de pessoal?<span class=\"ez-toc-section-end\"><\/span><\/h2>\n\n\n\n<p>A gest\u00e3o de pessoal \u00e9 um conjunto de pr\u00e1ticas e processos essenciais para as organiza\u00e7\u00f5es.<\/p>\n\n\n\n<p>Seu papel fundamental consiste em assegurar que todos os aspectos relacionados aos colaboradores sejam tratados com efici\u00eancia e em conformidade com as leis e regulamentos em vigor.<\/p>\n\n\n\n<p>Desta forma, a gest\u00e3o de pessoal contribui para a cria\u00e7\u00e3o de um ambiente de trabalho saud\u00e1vel, promovendo o engajamento, aumentando a produtividade e, consequentemente, impulsionando o sucesso da organiza\u00e7\u00e3o.<\/p>\n\n\n\n<p>Portanto, a gest\u00e3o de pessoal desempenha um papel estrat\u00e9gico na busca por resultados positivos e equipes motivadas.<\/p>\n\n\n\n<p>Ademais, n\u00e3o para por a\u00ed, j\u00e1 esse tipo de gest\u00e3o integra as seguintes atividades:<\/p>\n\n\n\n<h3 class=\"wp-block-heading\"><span class=\"ez-toc-section\" id=\"1_Elaboracao_da_folha_de_pagamento_e_recolhimento_de_encargos\"><\/span>1. Elabora\u00e7\u00e3o da folha de pagamento e recolhimento de encargos<span class=\"ez-toc-section-end\"><\/span><\/h3>\n\n\n<div class=\"wp-block-image is-style-rounded\">\n<figure class=\"alignright size-full is-resized\"><img loading=\"lazy\" decoding=\"async\" width=\"740\" height=\"493\" src=\"https:\/\/www.portalassessoria.com.br\/blog\/wp-content\/uploads\/2023\/12\/GESTAO-4-1.jpg\" alt=\"Gest\u00e3o de pessoal\" class=\"wp-image-358\" style=\"width:232px;height:auto\" srcset=\"https:\/\/portalassessoria.com.br\/blog\/wp-content\/uploads\/2023\/12\/GESTAO-4-1.jpg 740w, https:\/\/portalassessoria.com.br\/blog\/wp-content\/uploads\/2023\/12\/GESTAO-4-1-300x200.jpg 300w\" sizes=\"auto, (max-width: 740px) 100vw, 740px\" \/><\/figure>\n<\/div>\n\n\n<p>A correta elabora\u00e7\u00e3o da folha de pagamento \u00e9 essencial para garantir que os colaboradores recebam seus sal\u00e1rios de acordo com as leis.<\/p>\n\n\n\n<p>Ainda por cima, a gest\u00e3o de pessoal cuida do recolhimento dos encargos sociais e tributos, evitando problemas legais e fiscais para a empresa.<\/p>\n\n\n\n<h3 class=\"wp-block-heading\"><span class=\"ez-toc-section\" id=\"2_Registro_de_empregados_e_processos_de_admissao_e_rescisao\"><\/span>2. Registro de empregados e processos de admiss\u00e3o e rescis\u00e3o<span class=\"ez-toc-section-end\"><\/span><\/h3>\n\n\n\n<p>O servi\u00e7o de gest\u00e3o de pessoas lida com os processos de registro de empregados, admiss\u00f5es e rescis\u00f5es contratuais.<\/p>\n\n\n\n<p>Isso garante que todos os colaboradores estejam devidamente registrados e que os procedimentos legais sejam seguidos ao contratar ou dispensar funcion\u00e1rios.<\/p>\n\n\n\n<h3 class=\"wp-block-heading\"><span class=\"ez-toc-section\" id=\"3_Cumprimento_de_obrigacoes_acessorias\"><\/span>3. Cumprimento de obriga\u00e7\u00f5es acess\u00f3rias<span class=\"ez-toc-section-end\"><\/span><\/h3>\n\n\n\n<p>A \u00e1rea de gest\u00e3o de pessoal \u00e9 respons\u00e1vel por entregar as obriga\u00e7\u00f5es acess\u00f3rias exigidas pelos \u00f3rg\u00e3os governamentais.<\/p>\n\n\n\n<p>Dentre as atividades englobadas a esse servi\u00e7o, encontram-se: <a href=\"https:\/\/www.gov.br\/pt-br\/servicos\/declarar-imposto-de-renda-retido-na-fonte\">DIRF<\/a> (Declara\u00e7\u00e3o do Imposto de Renda Retido na Fonte), <a href=\"https:\/\/www.gov.br\/pt-br\/servicos\/entregar-a-relacao-anual-de-informacoes-sociais\">RAIS<\/a> (Rela\u00e7\u00e3o Anual de Informa\u00e7\u00f5es Sociais), <a href=\"https:\/\/www.gov.br\/esocial\/pt-br\">E-Social<\/a>, <a href=\"https:\/\/portalfat.mte.gov.br\/programas-e-acoes-2\/caged-3\/\">CAGED<\/a> (Cadastro Geral de Empregados e Desempregados),&nbsp; <a href=\"https:\/\/www.gov.br\/receitafederal\/pt-br\/assuntos\/orientacao-tributaria\/declaracoes-e-demonstrativos\/DCTFWeb\">DCTF-Web<\/a> (Declara\u00e7\u00e3o de D\u00e9bitos e Cr\u00e9ditos Tribut\u00e1rios Federais Previdenci\u00e1rios e de Outras Entidades e Fundos).<\/p>\n\n\n\n<p>O cumprimento dessas obriga\u00e7\u00f5es \u00e9 crucial para evitar multas e problemas legais.<\/p>\n\n\n\n<h2 class=\"wp-block-heading\"><span class=\"ez-toc-section\" id=\"Qual_a_importancia_da_gestao_de_pessoal\"><\/span>Qual a import\u00e2ncia da gest\u00e3o de pessoal?<span class=\"ez-toc-section-end\"><\/span><\/h2>\n\n\n<div class=\"wp-block-image\">\n<figure class=\"aligncenter size-full is-resized\"><img loading=\"lazy\" decoding=\"async\" width=\"826\" height=\"478\" src=\"https:\/\/www.portalassessoria.com.br\/blog\/wp-content\/uploads\/2023\/12\/GESTAO-2-1.jpg\" alt=\"Gest\u00e3o de pessoal\" class=\"wp-image-359\" style=\"width:356px;height:auto\" srcset=\"https:\/\/portalassessoria.com.br\/blog\/wp-content\/uploads\/2023\/12\/GESTAO-2-1.jpg 826w, https:\/\/portalassessoria.com.br\/blog\/wp-content\/uploads\/2023\/12\/GESTAO-2-1-300x174.jpg 300w, https:\/\/portalassessoria.com.br\/blog\/wp-content\/uploads\/2023\/12\/GESTAO-2-1-768x444.jpg 768w\" sizes=\"auto, (max-width: 826px) 100vw, 826px\" \/><\/figure>\n<\/div>\n\n\n<p>A <a href=\"https:\/\/portalassessoria.com.br\/gestao-pessoal\">gest\u00e3o de pessoas<\/a> desempenha um papel estrat\u00e9gico nas empresas, pois influencia diretamente a efici\u00eancia operacional e a satisfa\u00e7\u00e3o dos colaboradores. Algumas das raz\u00f5es pelas quais essa \u00e1rea \u00e9 de extrema import\u00e2ncia incluem:<\/p>\n\n\n\n<h3 class=\"wp-block-heading\"><span class=\"ez-toc-section\" id=\"Eficiencia_operacional\"><\/span>Efici\u00eancia operacional<span class=\"ez-toc-section-end\"><\/span><\/h3>\n\n\n\n<p>Uma gest\u00e3o de pessoal eficiente agiliza os processos de administra\u00e7\u00e3o de recursos humanos, como o processamento da folha de pagamento e o registro de funcion\u00e1rios.<\/p>\n\n\n\n<p>Isso permite que a empresa funcione de maneira mais eficaz, economizando tempo e recursos.<\/p>\n\n\n\n<h3 class=\"wp-block-heading\"><span class=\"ez-toc-section\" id=\"Conformidade_regulatoria\"><\/span>Conformidade regulat\u00f3ria:<span class=\"ez-toc-section-end\"><\/span><\/h3>\n\n\n\n<p>A gest\u00e3o de pessoal desempenha um papel fundamental na garantia da conformidade com regulamentos trabalhistas e leis laborais.<\/p>\n\n\n\n<p>Isso minimiza o risco de a\u00e7\u00f5es judiciais, multas e penalidades que podem surgir devido a problemas de conformidade, contribuindo para a reputa\u00e7\u00e3o e estabilidade da empresa.<\/p>\n\n\n\n<h3 class=\"wp-block-heading\"><span class=\"ez-toc-section\" id=\"Planejamento_estrategico\"><\/span>Planejamento estrat\u00e9gico:<span class=\"ez-toc-section-end\"><\/span><\/h3>\n\n\n\n<p>Ao fornecer dados e an\u00e1lises sobre a for\u00e7a de trabalho, a gest\u00e3o auxilia a alta administra\u00e7\u00e3o na tomada de decis\u00f5es estrat\u00e9gicas.<\/p>\n\n\n\n<p>Isso inclui planejamento de pessoal, aloca\u00e7\u00e3o eficaz de recursos e identifica\u00e7\u00e3o de \u00e1reas que necessitam de desenvolvimento.<\/p>\n\n\n\n<h2 class=\"wp-block-heading\"><span class=\"ez-toc-section\" id=\"Portal_Assessoria_Sua_parceira_em_gestao_de_pessoal\"><\/span>Portal Assessoria: Sua parceira em gest\u00e3o de pessoal<span class=\"ez-toc-section-end\"><\/span><\/h2>\n\n\n<div class=\"wp-block-image is-style-rounded\">\n<figure class=\"alignright size-full is-resized\"><img loading=\"lazy\" decoding=\"async\" width=\"740\" height=\"493\" src=\"https:\/\/www.portalassessoria.com.br\/blog\/wp-content\/uploads\/2023\/12\/GESTAO-3-1.jpg\" alt=\"Gest\u00e3o de pessoal\" class=\"wp-image-360\" style=\"width:225px;height:auto\" srcset=\"https:\/\/portalassessoria.com.br\/blog\/wp-content\/uploads\/2023\/12\/GESTAO-3-1.jpg 740w, https:\/\/portalassessoria.com.br\/blog\/wp-content\/uploads\/2023\/12\/GESTAO-3-1-300x200.jpg 300w\" sizes=\"auto, (max-width: 740px) 100vw, 740px\" \/><\/figure>\n<\/div>\n\n\n<p>Para empresas que desejam terceirizar ou aprimorar seus servi\u00e7os de gest\u00e3o de pessoas, a <a href=\"https:\/\/portalassessoria.com.br\/sobre-nos\">Portal Assessoria<\/a> oferece solu\u00e7\u00f5es e assessoramento de servi\u00e7os cont\u00e1beis para neg\u00f3cios de diversos segmentos e portes.<\/p>\n\n\n\n<p>Com 30 anos de experi\u00eancia no mercado, a Portal Assessoria \u00e9 uma parceira confi\u00e1vel para atender \u00e0s necessidades espec\u00edficas de cada cliente.<\/p>\n\n\n\n<p>O principal objetivo da Portal Assessoria \u00e9 desburocratizar a contabilidade, oferecendo um <strong>atendimento personalizado<\/strong> e eficiente.<\/p>\n\n\n\n<p>Por essa raz\u00e3o, a mesma adota uma abordagem \u00fanica, combinando contato pessoal\/presencial com solu\u00e7\u00f5es digitais, o que cria uma rela\u00e7\u00e3o diferenciada com cada cliente.<\/p>\n\n\n\n<p>Com a expertise da <a href=\"https:\/\/portalassessoria.com.br\/sobre-nos\">Portal Assessoria<\/a>, sua empresa pode contar com um servi\u00e7o de gest\u00e3o de pessoal de alta qualidade, garantindo conformidade legal, efici\u00eancia operacional e satisfa\u00e7\u00e3o dos colaboradores.<\/p>\n\n\n\n<p class=\"has-text-align-center\">Portanto, <a href=\"https:\/\/portalassessoria.com.br\/contato\">entre em contato<\/a> e garanta uma gest\u00e3o de pessoal de alta qualidade e por um pre\u00e7o justo!<\/p>\n\n\n\n<h4 class=\"wp-block-heading\"><span class=\"ez-toc-section\" id=\"Outras_leituras_recomendadas\"><\/span><strong>Outras leituras recomendadas:<\/strong><span class=\"ez-toc-section-end\"><\/span><\/h4>\n\n\n\n<ul class=\"wp-block-list\">\n<li><a href=\"https:\/\/www.portalassessoria.com.br\/blog\/index.php\/2023\/11\/28\/gerenciamento-holding-familiar\/\">Gerenciamento Holding Familiar: O que \u00e9 proporcionado?<\/a><\/li>\n\n\n\n<li><a href=\"https:\/\/www.portalassessoria.com.br\/blog\/index.php\/2023\/11\/16\/conheca-o-revar-e-suas-aplicacoes\/\">ReVar: conhe\u00e7a o novo programa IRPF e suas aplica\u00e7\u00f5es!!<\/a><\/li>\n\n\n\n<li><a href=\"https:\/\/www.portalassessoria.com.br\/blog\/index.php\/2023\/10\/31\/fornecedor-de-bpo-financeiro\/\">Fornecedor de BPO financeiro: qual empresa escolher?<\/a><\/li>\n<\/ul>\n","protected":false},"excerpt":{"rendered":"<p><span class=\"rt-reading-time\" style=\"display: block;\"><span class=\"rt-label rt-prefix\">Tempo de leitura<\/span> <span class=\"rt-time\">5<\/span> <span class=\"rt-label rt-postfix\">minutos<\/span><\/span> A gest\u00e3o de pessoal \u00e9 essencial em qualquer neg\u00f3cio, uma vez que se trata de um trabalho minucioso e detalhado,&hellip; <a class=\"read-more\" href=\"https:\/\/portalassessoria.com.br\/blog\/2023\/12\/06\/gestao-de-pessoal-otimizando-os-resultados\/\">Continue lendo<\/a><\/p>\n","protected":false},"author":1,"featured_media":363,"comment_status":"open","ping_status":"open","sticky":false,"template":"","format":"standard","meta":{"_monsterinsights_skip_tracking":false,"_monsterinsights_sitenote_active":false,"_monsterinsights_sitenote_note":"","_monsterinsights_sitenote_category":0,"footnotes":""},"categories":[1],"tags":[1709,1652,1576,1519,1500,1614,1481,1633,1671,1690,1557,1538,1718,1661,1585,1528,1509,1623,1490,1642,1680,1699,1566,1547,1716,1659,1583,1526,1507,1621,1488,1640,1678,1697,1564,1545,1443,1452,1450,1440,1446,1448,1449,1436,1434,1435,1441,1445,1447,1442,1451,1444,1439,1437,1438,1462,1471,1469,1459,1465,1467,1468,1455,1453,1454,1460,1464,1466,1461,1470,1463,1458,1456,1457,1706,1649,1573,1516,1497,1611,1478,1630,1668,1687,1554,1535,1712,1655,1579,1522,1503,1617,1484,1636,1674,1693,1560,1541,1405,1414,1412,1402,1408,1410,1411,1398,1396,1397,1403,1407,1409,1404,1413,1406,1401,1399,1400,1714,1657,1581,1524,1505,1619,1486,1638,1676,1695,1562,1543,1715,1658,1582,1525,1506,1620,1487,1639,1677,1696,1563,1544,1424,1433,1431,1421,1427,1429,1430,1417,1415,1416,1422,1426,1428,1423,1432,1425,1420,1418,1419,1702,1645,1569,1512,1493,1607,1474,1626,1664,1683,1550,1531,1700,1643,1567,1510,1491,1605,1472,1624,1662,1681,1548,1529,1701,1644,1568,1511,1492,1606,1473,1625,1663,1682,1549,1530,1707,1650,1574,1517,1498,1612,1479,1631,1669,1688,1555,1536,1711,1654,1578,1521,1502,1616,1483,1635,1673,1692,1559,1540,1386,1395,1393,1383,1389,1391,1392,1379,1377,1378,1384,1388,1390,1385,1394,1387,1382,1380,1381,1713,1656,1580,1523,1504,1618,1485,1637,1675,1694,1561,1542,1708,1651,1575,1518,1499,1613,1480,1632,1670,1689,1556,1537,1717,1660,1584,1527,1508,1622,1489,1641,1679,1698,1565,1546,1710,1653,1577,1520,1501,1615,1482,1634,1672,1691,1558,1539,1595,1604,1602,1592,1598,1600,1601,1588,1705,1648,1572,1515,1496,1610,1477,1629,1667,1686,1553,1534,1586,1703,1646,1570,1513,1494,1608,1475,1627,1665,1684,1551,1532,1587,1704,1647,1571,1514,1495,1609,1476,1628,1666,1685,1552,1533,1593,1597,1599,1594,1603,1596,1591,1589,1590],"class_list":["post-356","post","type-post","status-publish","format-standard","has-post-thumbnail","hentry","category-uncategorized","tag-admissoes-abc","tag-admissoes-campestre","tag-admissoes-em-promocao","tag-admissoes-em-sao-paulo","tag-admissoes-em-sp","tag-admissoes-perto-de-mim","tag-admissoes-preco","tag-admissoes-proximo-a-mim","tag-admissoes-sacoma","tag-admissoes-santo-andre","tag-admissoes-sao-caetano-do-sul","tag-admissoes-sao-paulo","tag-caged-abc","tag-caged-campestre","tag-caged-em-promocao","tag-caged-em-sao-paulo","tag-caged-em-sp","tag-caged-perto-de-mim","tag-caged-preco","tag-caged-proximo-a-mim","tag-caged-sacoma","tag-caged-santo-andre","tag-caged-sao-caetano-do-sul","tag-caged-sao-paulo","tag-dirf-abc","tag-dirf-campestre","tag-dirf-em-promocao","tag-dirf-em-sao-paulo","tag-dirf-em-sp","tag-dirf-perto-de-mim","tag-dirf-preco","tag-dirf-proximo-a-mim","tag-dirf-sacoma","tag-dirf-santo-andre","tag-dirf-sao-caetano-do-sul","tag-dirf-sao-paulo","tag-distribuidor-de-admissoes","tag-distribuidor-de-caged","tag-distribuidor-de-dirf","tag-distribuidor-de-elaboracao-da-folha-de-pagamento","tag-distribuidor-de-elaboracao-dos-holerites","tag-distribuidor-de-entrega-a-cef-por-meio-da-conectividade-social","tag-distribuidor-de-entrega-das-obrigacoes-acessorias","tag-distribuidor-de-gestao-de-colaboradores","tag-distribuidor-de-gestao-de-pessoal","tag-distribuidor-de-gestao-de-pessoas","tag-distribuidor-de-guias-de-recolhimento-dos-encargos-sociais-e-tributos","tag-distribuidor-de-homologacoes-no-sindicato-e-ministerio-do-trabalho","tag-distribuidor-de-preenchimento-do-programa-sefip","tag-distribuidor-de-processos-de-registro-dos-empregados","tag-distribuidor-de-rais-e-social","tag-distribuidor-de-rescisoes","tag-distribuidor-de-servico-de-gestao-de-colaboradores","tag-distribuidor-de-servico-de-gestao-de-pessoal","tag-distribuidor-de-servico-de-gestao-de-pessoas","tag-distribuidora-de-admissoes","tag-distribuidora-de-caged","tag-distribuidora-de-dirf","tag-distribuidora-de-elaboracao-da-folha-de-pagamento","tag-distribuidora-de-elaboracao-dos-holerites","tag-distribuidora-de-entrega-a-cef-por-meio-da-conectividade-social","tag-distribuidora-de-entrega-das-obrigacoes-acessorias","tag-distribuidora-de-gestao-de-colaboradores","tag-distribuidora-de-gestao-de-pessoal","tag-distribuidora-de-gestao-de-pessoas","tag-distribuidora-de-guias-de-recolhimento-dos-encargos-sociais-e-tributos","tag-distribuidora-de-homologacoes-no-sindicato-e-ministerio-do-trabalho","tag-distribuidora-de-preenchimento-do-programa-sefip","tag-distribuidora-de-processos-de-registro-dos-empregados","tag-distribuidora-de-rais-e-social","tag-distribuidora-de-rescisoes","tag-distribuidora-de-servico-de-gestao-de-colaboradores","tag-distribuidora-de-servico-de-gestao-de-pessoal","tag-distribuidora-de-servico-de-gestao-de-pessoas","tag-elaboracao-da-folha-de-pagamento-abc","tag-elaboracao-da-folha-de-pagamento-campestre","tag-elaboracao-da-folha-de-pagamento-em-promocao","tag-elaboracao-da-folha-de-pagamento-em-sao-paulo","tag-elaboracao-da-folha-de-pagamento-em-sp","tag-elaboracao-da-folha-de-pagamento-perto-de-mim","tag-elaboracao-da-folha-de-pagamento-preco","tag-elaboracao-da-folha-de-pagamento-proximo-a-mim","tag-elaboracao-da-folha-de-pagamento-sacoma","tag-elaboracao-da-folha-de-pagamento-santo-andre","tag-elaboracao-da-folha-de-pagamento-sao-caetano-do-sul","tag-elaboracao-da-folha-de-pagamento-sao-paulo","tag-elaboracao-dos-holerites-abc","tag-elaboracao-dos-holerites-campestre","tag-elaboracao-dos-holerites-em-promocao","tag-elaboracao-dos-holerites-em-sao-paulo","tag-elaboracao-dos-holerites-em-sp","tag-elaboracao-dos-holerites-perto-de-mim","tag-elaboracao-dos-holerites-preco","tag-elaboracao-dos-holerites-proximo-a-mim","tag-elaboracao-dos-holerites-sacoma","tag-elaboracao-dos-holerites-santo-andre","tag-elaboracao-dos-holerites-sao-caetano-do-sul","tag-elaboracao-dos-holerites-sao-paulo","tag-empresa-de-admissoes","tag-empresa-de-caged","tag-empresa-de-dirf","tag-empresa-de-elaboracao-da-folha-de-pagamento","tag-empresa-de-elaboracao-dos-holerites","tag-empresa-de-entrega-a-cef-por-meio-da-conectividade-social","tag-empresa-de-entrega-das-obrigacoes-acessorias","tag-empresa-de-gestao-de-colaboradores","tag-empresa-de-gestao-de-pessoal","tag-empresa-de-gestao-de-pessoas","tag-empresa-de-guias-de-recolhimento-dos-encargos-sociais-e-tributos","tag-empresa-de-homologacoes-no-sindicato-e-ministerio-do-trabalho","tag-empresa-de-preenchimento-do-programa-sefip","tag-empresa-de-processos-de-registro-dos-empregados","tag-empresa-de-rais-e-social","tag-empresa-de-rescisoes","tag-empresa-de-servico-de-gestao-de-colaboradores","tag-empresa-de-servico-de-gestao-de-pessoal","tag-empresa-de-servico-de-gestao-de-pessoas","tag-entrega-a-cef-por-meio-da-conectividade-social-abc","tag-entrega-a-cef-por-meio-da-conectividade-social-campestre","tag-entrega-a-cef-por-meio-da-conectividade-social-em-promocao","tag-entrega-a-cef-por-meio-da-conectividade-social-em-sao-paulo","tag-entrega-a-cef-por-meio-da-conectividade-social-em-sp","tag-entrega-a-cef-por-meio-da-conectividade-social-perto-de-mim","tag-entrega-a-cef-por-meio-da-conectividade-social-preco","tag-entrega-a-cef-por-meio-da-conectividade-social-proximo-a-mim","tag-entrega-a-cef-por-meio-da-conectividade-social-sacoma","tag-entrega-a-cef-por-meio-da-conectividade-social-santo-andre","tag-entrega-a-cef-por-meio-da-conectividade-social-sao-caetano-do-sul","tag-entrega-a-cef-por-meio-da-conectividade-social-sao-paulo","tag-entrega-das-obrigacoes-acessorias-abc","tag-entrega-das-obrigacoes-acessorias-campestre","tag-entrega-das-obrigacoes-acessorias-em-promocao","tag-entrega-das-obrigacoes-acessorias-em-sao-paulo","tag-entrega-das-obrigacoes-acessorias-em-sp","tag-entrega-das-obrigacoes-acessorias-perto-de-mim","tag-entrega-das-obrigacoes-acessorias-preco","tag-entrega-das-obrigacoes-acessorias-proximo-a-mim","tag-entrega-das-obrigacoes-acessorias-sacoma","tag-entrega-das-obrigacoes-acessorias-santo-andre","tag-entrega-das-obrigacoes-acessorias-sao-caetano-do-sul","tag-entrega-das-obrigacoes-acessorias-sao-paulo","tag-fornecedor-de-admissoes","tag-fornecedor-de-caged","tag-fornecedor-de-dirf","tag-fornecedor-de-elaboracao-da-folha-de-pagamento","tag-fornecedor-de-elaboracao-dos-holerites","tag-fornecedor-de-entrega-a-cef-por-meio-da-conectividade-social","tag-fornecedor-de-entrega-das-obrigacoes-acessorias","tag-fornecedor-de-gestao-de-colaboradores","tag-fornecedor-de-gestao-de-pessoal","tag-fornecedor-de-gestao-de-pessoas","tag-fornecedor-de-guias-de-recolhimento-dos-encargos-sociais-e-tributos","tag-fornecedor-de-homologacoes-no-sindicato-e-ministerio-do-trabalho","tag-fornecedor-de-preenchimento-do-programa-sefip","tag-fornecedor-de-processos-de-registro-dos-empregados","tag-fornecedor-de-rais-e-social","tag-fornecedor-de-rescisoes","tag-fornecedor-de-servico-de-gestao-de-colaboradores","tag-fornecedor-de-servico-de-gestao-de-pessoal","tag-fornecedor-de-servico-de-gestao-de-pessoas","tag-gestao-de-colaboradores-abc","tag-gestao-de-colaboradores-campestre","tag-gestao-de-colaboradores-em-promocao","tag-gestao-de-colaboradores-em-sao-paulo","tag-gestao-de-colaboradores-em-sp","tag-gestao-de-colaboradores-perto-de-mim","tag-gestao-de-colaboradores-preco","tag-gestao-de-colaboradores-proximo-a-mim","tag-gestao-de-colaboradores-sacoma","tag-gestao-de-colaboradores-santo-andre","tag-gestao-de-colaboradores-sao-caetano-do-sul","tag-gestao-de-colaboradores-sao-paulo","tag-gestao-de-pessoal-abc","tag-gestao-de-pessoal-campestre","tag-gestao-de-pessoal-em-promocao","tag-gestao-de-pessoal-em-sao-paulo","tag-gestao-de-pessoal-em-sp","tag-gestao-de-pessoal-perto-de-mim","tag-gestao-de-pessoal-preco","tag-gestao-de-pessoal-proximo-a-mim","tag-gestao-de-pessoal-sacoma","tag-gestao-de-pessoal-santo-andre","tag-gestao-de-pessoal-sao-caetano-do-sul","tag-gestao-de-pessoal-sao-paulo","tag-gestao-de-pessoas-abc","tag-gestao-de-pessoas-campestre","tag-gestao-de-pessoas-em-promocao","tag-gestao-de-pessoas-em-sao-paulo","tag-gestao-de-pessoas-em-sp","tag-gestao-de-pessoas-perto-de-mim","tag-gestao-de-pessoas-preco","tag-gestao-de-pessoas-proximo-a-mim","tag-gestao-de-pessoas-sacoma","tag-gestao-de-pessoas-santo-andre","tag-gestao-de-pessoas-sao-caetano-do-sul","tag-gestao-de-pessoas-sao-paulo","tag-guias-de-recolhimento-dos-encargos-sociais-e-tributos-abc","tag-guias-de-recolhimento-dos-encargos-sociais-e-tributos-campestre","tag-guias-de-recolhimento-dos-encargos-sociais-e-tributos-em-promocao","tag-guias-de-recolhimento-dos-encargos-sociais-e-tributos-em-sao-paulo","tag-guias-de-recolhimento-dos-encargos-sociais-e-tributos-em-sp","tag-guias-de-recolhimento-dos-encargos-sociais-e-tributos-perto-de-mim","tag-guias-de-recolhimento-dos-encargos-sociais-e-tributos-preco","tag-guias-de-recolhimento-dos-encargos-sociais-e-tributos-proximo-a-mim","tag-guias-de-recolhimento-dos-encargos-sociais-e-tributos-sacoma","tag-guias-de-recolhimento-dos-encargos-sociais-e-tributos-santo-andre","tag-guias-de-recolhimento-dos-encargos-sociais-e-tributos-sao-caetano-do-sul","tag-guias-de-recolhimento-dos-encargos-sociais-e-tributos-sao-paulo","tag-homologacoes-no-sindicato-e-ministerio-do-trabalho-abc","tag-homologacoes-no-sindicato-e-ministerio-do-trabalho-campestre","tag-homologacoes-no-sindicato-e-ministerio-do-trabalho-em-promocao","tag-homologacoes-no-sindicato-e-ministerio-do-trabalho-em-sao-paulo","tag-homologacoes-no-sindicato-e-ministerio-do-trabalho-em-sp","tag-homologacoes-no-sindicato-e-ministerio-do-trabalho-perto-de-mim","tag-homologacoes-no-sindicato-e-ministerio-do-trabalho-preco","tag-homologacoes-no-sindicato-e-ministerio-do-trabalho-proximo-a-mim","tag-homologacoes-no-sindicato-e-ministerio-do-trabalho-sacoma","tag-homologacoes-no-sindicato-e-ministerio-do-trabalho-santo-andre","tag-homologacoes-no-sindicato-e-ministerio-do-trabalho-sao-caetano-do-sul","tag-homologacoes-no-sindicato-e-ministerio-do-trabalho-sao-paulo","tag-onde-encontrar-admissoes","tag-onde-encontrar-caged","tag-onde-encontrar-dirf","tag-onde-encontrar-elaboracao-da-folha-de-pagamento","tag-onde-encontrar-elaboracao-dos-holerites","tag-onde-encontrar-entrega-a-cef-por-meio-da-conectividade-social","tag-onde-encontrar-entrega-das-obrigacoes-acessorias","tag-onde-encontrar-gestao-de-colaboradores","tag-onde-encontrar-gestao-de-pessoal","tag-onde-encontrar-gestao-de-pessoas","tag-onde-encontrar-guias-de-recolhimento-dos-encargos-sociais-e-tributos","tag-onde-encontrar-homologacoes-no-sindicato-e-ministerio-do-trabalho","tag-onde-encontrar-preenchimento-do-programa-sefip","tag-onde-encontrar-processos-de-registro-dos-empregados","tag-onde-encontrar-rais-e-social","tag-onde-encontrar-rescisoes","tag-onde-encontrar-servico-de-gestao-de-colaboradores","tag-onde-encontrar-servico-de-gestao-de-pessoal","tag-onde-encontrar-servico-de-gestao-de-pessoas","tag-preenchimento-do-programa-sefip-abc","tag-preenchimento-do-programa-sefip-campestre","tag-preenchimento-do-programa-sefip-em-promocao","tag-preenchimento-do-programa-sefip-em-sao-paulo","tag-preenchimento-do-programa-sefip-em-sp","tag-preenchimento-do-programa-sefip-perto-de-mim","tag-preenchimento-do-programa-sefip-preco","tag-preenchimento-do-programa-sefip-proximo-a-mim","tag-preenchimento-do-programa-sefip-sacoma","tag-preenchimento-do-programa-sefip-santo-andre","tag-preenchimento-do-programa-sefip-sao-caetano-do-sul","tag-preenchimento-do-programa-sefip-sao-paulo","tag-processos-de-registro-dos-empregados-abc","tag-processos-de-registro-dos-empregados-campestre","tag-processos-de-registro-dos-empregados-em-promocao","tag-processos-de-registro-dos-empregados-em-sao-paulo","tag-processos-de-registro-dos-empregados-em-sp","tag-processos-de-registro-dos-empregados-perto-de-mim","tag-processos-de-registro-dos-empregados-preco","tag-processos-de-registro-dos-empregados-proximo-a-mim","tag-processos-de-registro-dos-empregados-sacoma","tag-processos-de-registro-dos-empregados-santo-andre","tag-processos-de-registro-dos-empregados-sao-caetano-do-sul","tag-processos-de-registro-dos-empregados-sao-paulo","tag-rais-e-social-abc","tag-rais-e-social-campestre","tag-rais-e-social-em-promocao","tag-rais-e-social-em-sao-paulo","tag-rais-e-social-em-sp","tag-rais-e-social-perto-de-mim","tag-rais-e-social-preco","tag-rais-e-social-proximo-a-mim","tag-rais-e-social-sacoma","tag-rais-e-social-santo-andre","tag-rais-e-social-sao-caetano-do-sul","tag-rais-e-social-sao-paulo","tag-rescisoes-abc","tag-rescisoes-campestre","tag-rescisoes-em-promocao","tag-rescisoes-em-sao-paulo","tag-rescisoes-em-sp","tag-rescisoes-perto-de-mim","tag-rescisoes-preco","tag-rescisoes-proximo-a-mim","tag-rescisoes-sacoma","tag-rescisoes-santo-andre","tag-rescisoes-sao-caetano-do-sul","tag-rescisoes-sao-paulo","tag-servico-de-admissoes","tag-servico-de-caged","tag-servico-de-dirf","tag-servico-de-elaboracao-da-folha-de-pagamento","tag-servico-de-elaboracao-dos-holerites","tag-servico-de-entrega-a-cef-por-meio-da-conectividade-social","tag-servico-de-entrega-das-obrigacoes-acessorias","tag-servico-de-gestao-de-colaboradores","tag-servico-de-gestao-de-colaboradores-abc","tag-servico-de-gestao-de-colaboradores-campestre","tag-servico-de-gestao-de-colaboradores-em-promocao","tag-servico-de-gestao-de-colaboradores-em-sao-paulo","tag-servico-de-gestao-de-colaboradores-em-sp","tag-servico-de-gestao-de-colaboradores-perto-de-mim","tag-servico-de-gestao-de-colaboradores-preco","tag-servico-de-gestao-de-colaboradores-proximo-a-mim","tag-servico-de-gestao-de-colaboradores-sacoma","tag-servico-de-gestao-de-colaboradores-santo-andre","tag-servico-de-gestao-de-colaboradores-sao-caetano-do-sul","tag-servico-de-gestao-de-colaboradores-sao-paulo","tag-servico-de-gestao-de-pessoal","tag-servico-de-gestao-de-pessoal-abc","tag-servico-de-gestao-de-pessoal-campestre","tag-servico-de-gestao-de-pessoal-em-promocao","tag-servico-de-gestao-de-pessoal-em-sao-paulo","tag-servico-de-gestao-de-pessoal-em-sp","tag-servico-de-gestao-de-pessoal-perto-de-mim","tag-servico-de-gestao-de-pessoal-preco","tag-servico-de-gestao-de-pessoal-proximo-a-mim","tag-servico-de-gestao-de-pessoal-sacoma","tag-servico-de-gestao-de-pessoal-santo-andre","tag-servico-de-gestao-de-pessoal-sao-caetano-do-sul","tag-servico-de-gestao-de-pessoal-sao-paulo","tag-servico-de-gestao-de-pessoas","tag-servico-de-gestao-de-pessoas-abc","tag-servico-de-gestao-de-pessoas-campestre","tag-servico-de-gestao-de-pessoas-em-promocao","tag-servico-de-gestao-de-pessoas-em-sao-paulo","tag-servico-de-gestao-de-pessoas-em-sp","tag-servico-de-gestao-de-pessoas-perto-de-mim","tag-servico-de-gestao-de-pessoas-preco","tag-servico-de-gestao-de-pessoas-proximo-a-mim","tag-servico-de-gestao-de-pessoas-sacoma","tag-servico-de-gestao-de-pessoas-santo-andre","tag-servico-de-gestao-de-pessoas-sao-caetano-do-sul","tag-servico-de-gestao-de-pessoas-sao-paulo","tag-servico-de-guias-de-recolhimento-dos-encargos-sociais-e-tributos","tag-servico-de-homologacoes-no-sindicato-e-ministerio-do-trabalho","tag-servico-de-preenchimento-do-programa-sefip","tag-servico-de-processos-de-registro-dos-empregados","tag-servico-de-rais-e-social","tag-servico-de-rescisoes","tag-servico-de-servico-de-gestao-de-colaboradores","tag-servico-de-servico-de-gestao-de-pessoal","tag-servico-de-servico-de-gestao-de-pessoas"],"aioseo_notices":[],"yoast_head":"<!-- This site is optimized with the Yoast SEO plugin v23.7 - https:\/\/yoast.com\/wordpress\/plugins\/seo\/ -->\n<title>Gest\u00e3o de pessoal: Otimizando os resultados! - Portal Assessoria<\/title>\n<meta name=\"description\" content=\"Gest\u00e3o de pessoal: descubra os pontos-chave deste importante servi\u00e7o e, ao final, conhe\u00e7a uma empresa especializada.\" \/>\n<meta name=\"robots\" content=\"index, follow, max-snippet:-1, max-image-preview:large, max-video-preview:-1\" \/>\n<link rel=\"canonical\" href=\"https:\/\/portalassessoria.com.br\/blog\/2023\/12\/06\/gestao-de-pessoal-otimizando-os-resultados\/\" \/>\n<meta property=\"og:locale\" content=\"pt_BR\" \/>\n<meta property=\"og:type\" content=\"article\" \/>\n<meta property=\"og:title\" content=\"Gest\u00e3o de pessoal: Otimizando os resultados! - Portal Assessoria\" \/>\n<meta property=\"og:description\" content=\"Gest\u00e3o de pessoal: descubra os pontos-chave deste importante servi\u00e7o e, ao final, conhe\u00e7a uma empresa especializada.\" \/>\n<meta property=\"og:url\" content=\"https:\/\/portalassessoria.com.br\/blog\/2023\/12\/06\/gestao-de-pessoal-otimizando-os-resultados\/\" \/>\n<meta property=\"og:site_name\" content=\"Portal Assessoria\" \/>\n<meta property=\"article:published_time\" content=\"2023-12-06T11:29:58+00:00\" \/>\n<meta property=\"article:modified_time\" content=\"2023-12-07T12:35:49+00:00\" \/>\n<meta property=\"og:image\" content=\"https:\/\/portalassessoria.com.br\/blog\/wp-content\/uploads\/2023\/12\/GESTAO-2.jpg\" \/>\n\t<meta property=\"og:image:width\" content=\"740\" \/>\n\t<meta property=\"og:image:height\" content=\"493\" \/>\n\t<meta property=\"og:image:type\" content=\"image\/jpeg\" \/>\n<meta name=\"author\" content=\"admin\" \/>\n<meta name=\"twitter:card\" content=\"summary_large_image\" \/>\n<meta name=\"twitter:label1\" content=\"Escrito por\" \/>\n\t<meta name=\"twitter:data1\" content=\"admin\" \/>\n\t<meta name=\"twitter:label2\" content=\"Est. tempo de leitura\" \/>\n\t<meta name=\"twitter:data2\" content=\"5 minutos\" \/>\n<script type=\"application\/ld+json\" class=\"yoast-schema-graph\">{\"@context\":\"https:\/\/schema.org\",\"@graph\":[{\"@type\":\"Article\",\"@id\":\"https:\/\/portalassessoria.com.br\/blog\/2023\/12\/06\/gestao-de-pessoal-otimizando-os-resultados\/#article\",\"isPartOf\":{\"@id\":\"https:\/\/portalassessoria.com.br\/blog\/2023\/12\/06\/gestao-de-pessoal-otimizando-os-resultados\/\"},\"author\":{\"name\":\"admin\",\"@id\":\"http:\/\/portalassessoria.com.br\/blog\/#\/schema\/person\/e69f67123d69c7a5cf9d39385065e0c9\"},\"headline\":\"Gest\u00e3o de pessoal: Otimizando os resultados!\",\"datePublished\":\"2023-12-06T11:29:58+00:00\",\"dateModified\":\"2023-12-07T12:35:49+00:00\",\"mainEntityOfPage\":{\"@id\":\"https:\/\/portalassessoria.com.br\/blog\/2023\/12\/06\/gestao-de-pessoal-otimizando-os-resultados\/\"},\"wordCount\":789,\"commentCount\":0,\"publisher\":{\"@id\":\"http:\/\/portalassessoria.com.br\/blog\/#organization\"},\"image\":{\"@id\":\"https:\/\/portalassessoria.com.br\/blog\/2023\/12\/06\/gestao-de-pessoal-otimizando-os-resultados\/#primaryimage\"},\"thumbnailUrl\":\"https:\/\/portalassessoria.com.br\/blog\/wp-content\/uploads\/2023\/12\/GESTAO-2.jpg\",\"keywords\":[\"admiss\u00f5es ABC\",\"admiss\u00f5es Campestre\",\"admiss\u00f5es em promo\u00e7\u00e3o\",\"admiss\u00f5es em s\u00e3o paulo\",\"admiss\u00f5es em sp\",\"admiss\u00f5es perto de mim\",\"admiss\u00f5es pre\u00e7o\",\"admiss\u00f5es pr\u00f3ximo a mim\",\"admiss\u00f5es Sacom\u00e3\",\"admiss\u00f5es Santo Andr\u00e9\",\"admiss\u00f5es S\u00e3o Caetano do Sul\",\"admiss\u00f5es S\u00e3o Paulo\",\"CAGED ABC\",\"CAGED Campestre\",\"CAGED em promo\u00e7\u00e3o\",\"CAGED em s\u00e3o paulo\",\"CAGED em sp\",\"CAGED perto de mim\",\"CAGED pre\u00e7o\",\"CAGED pr\u00f3ximo a mim\",\"CAGED Sacom\u00e3\",\"CAGED Santo Andr\u00e9\",\"CAGED S\u00e3o Caetano do Sul\",\"CAGED S\u00e3o Paulo\",\"DIRF ABC\",\"DIRF Campestre\",\"DIRF em promo\u00e7\u00e3o\",\"DIRF em s\u00e3o paulo\",\"DIRF em sp\",\"DIRF perto de mim\",\"DIRF pre\u00e7o\",\"DIRF pr\u00f3ximo a mim\",\"DIRF Sacom\u00e3\",\"DIRF Santo Andr\u00e9\",\"DIRF S\u00e3o Caetano do Sul\",\"DIRF S\u00e3o Paulo\",\"distribuidor de admiss\u00f5es\",\"distribuidor de CAGED\",\"distribuidor de DIRF\",\"distribuidor de Elabora\u00e7\u00e3o da folha de pagamento\",\"distribuidor de Elabora\u00e7\u00e3o dos holerites\",\"distribuidor de entrega \u00e0 CEF por meio da Conectividade Social\",\"distribuidor de Entrega das obriga\u00e7\u00f5es acess\u00f3rias\",\"distribuidor de gest\u00e3o de colaboradores\",\"distribuidor de Gest\u00e3o de pessoal\",\"distribuidor de gest\u00e3o de pessoas\",\"distribuidor de guias de recolhimento dos encargos sociais e tributos\",\"distribuidor de homologa\u00e7\u00f5es no Sindicato e Minist\u00e9rio do Trabalho\",\"distribuidor de Preenchimento do programa SEFIP\",\"distribuidor de Processos de registro dos empregados\",\"distribuidor de RAIS E-Social\",\"distribuidor de rescis\u00f5es\",\"distribuidor de servi\u00e7o de gest\u00e3o de colaboradores\",\"distribuidor de servi\u00e7o de gest\u00e3o de pessoal\",\"distribuidor de servi\u00e7o de gest\u00e3o de pessoas\",\"distribuidora de admiss\u00f5es\",\"distribuidora de CAGED\",\"distribuidora de DIRF\",\"distribuidora de Elabora\u00e7\u00e3o da folha de pagamento\",\"distribuidora de Elabora\u00e7\u00e3o dos holerites\",\"distribuidora de entrega \u00e0 CEF por meio da Conectividade Social\",\"distribuidora de Entrega das obriga\u00e7\u00f5es acess\u00f3rias\",\"distribuidora de gest\u00e3o de colaboradores\",\"distribuidora de Gest\u00e3o de pessoal\",\"distribuidora de gest\u00e3o de pessoas\",\"distribuidora de guias de recolhimento dos encargos sociais e tributos\",\"distribuidora de homologa\u00e7\u00f5es no Sindicato e Minist\u00e9rio do Trabalho\",\"distribuidora de Preenchimento do programa SEFIP\",\"distribuidora de Processos de registro dos empregados\",\"distribuidora de RAIS E-Social\",\"distribuidora de rescis\u00f5es\",\"distribuidora de servi\u00e7o de gest\u00e3o de colaboradores\",\"distribuidora de servi\u00e7o de gest\u00e3o de pessoal\",\"distribuidora de servi\u00e7o de gest\u00e3o de pessoas\",\"Elabora\u00e7\u00e3o da folha de pagamento ABC\",\"Elabora\u00e7\u00e3o da folha de pagamento Campestre\",\"Elabora\u00e7\u00e3o da folha de pagamento em promo\u00e7\u00e3o\",\"Elabora\u00e7\u00e3o da folha de pagamento em s\u00e3o paulo\",\"Elabora\u00e7\u00e3o da folha de pagamento em sp\",\"Elabora\u00e7\u00e3o da folha de pagamento perto de mim\",\"Elabora\u00e7\u00e3o da folha de pagamento pre\u00e7o\",\"Elabora\u00e7\u00e3o da folha de pagamento pr\u00f3ximo a mim\",\"Elabora\u00e7\u00e3o da folha de pagamento Sacom\u00e3\",\"Elabora\u00e7\u00e3o da folha de pagamento Santo Andr\u00e9\",\"Elabora\u00e7\u00e3o da folha de pagamento S\u00e3o Caetano do Sul\",\"Elabora\u00e7\u00e3o da folha de pagamento S\u00e3o Paulo\",\"Elabora\u00e7\u00e3o dos holerites ABC\",\"Elabora\u00e7\u00e3o dos holerites Campestre\",\"Elabora\u00e7\u00e3o dos holerites em promo\u00e7\u00e3o\",\"Elabora\u00e7\u00e3o dos holerites em s\u00e3o paulo\",\"Elabora\u00e7\u00e3o dos holerites em sp\",\"Elabora\u00e7\u00e3o dos holerites perto de mim\",\"Elabora\u00e7\u00e3o dos holerites pre\u00e7o\",\"Elabora\u00e7\u00e3o dos holerites pr\u00f3ximo a mim\",\"Elabora\u00e7\u00e3o dos holerites Sacom\u00e3\",\"Elabora\u00e7\u00e3o dos holerites Santo Andr\u00e9\",\"Elabora\u00e7\u00e3o dos holerites S\u00e3o Caetano do Sul\",\"Elabora\u00e7\u00e3o dos holerites S\u00e3o Paulo\",\"empresa de admiss\u00f5es\",\"empresa de CAGED\",\"empresa de DIRF\",\"empresa de Elabora\u00e7\u00e3o da folha de pagamento\",\"empresa de Elabora\u00e7\u00e3o dos holerites\",\"empresa de entrega \u00e0 CEF por meio da Conectividade Social\",\"empresa de Entrega das obriga\u00e7\u00f5es acess\u00f3rias\",\"empresa de gest\u00e3o de colaboradores\",\"empresa de Gest\u00e3o de pessoal\",\"empresa de gest\u00e3o de pessoas\",\"empresa de guias de recolhimento dos encargos sociais e tributos\",\"empresa de homologa\u00e7\u00f5es no Sindicato e Minist\u00e9rio do Trabalho\",\"empresa de Preenchimento do programa SEFIP\",\"empresa de Processos de registro dos empregados\",\"empresa de RAIS E-Social\",\"empresa de rescis\u00f5es\",\"empresa de servi\u00e7o de gest\u00e3o de colaboradores\",\"empresa de servi\u00e7o de gest\u00e3o de pessoal\",\"empresa de servi\u00e7o de gest\u00e3o de pessoas\",\"entrega \u00e0 CEF por meio da Conectividade Social ABC\",\"entrega \u00e0 CEF por meio da Conectividade Social Campestre\",\"entrega \u00e0 CEF por meio da Conectividade Social em promo\u00e7\u00e3o\",\"entrega \u00e0 CEF por meio da Conectividade Social em s\u00e3o paulo\",\"entrega \u00e0 CEF por meio da Conectividade Social em sp\",\"entrega \u00e0 CEF por meio da Conectividade Social perto de mim\",\"entrega \u00e0 CEF por meio da Conectividade Social pre\u00e7o\",\"entrega \u00e0 CEF por meio da Conectividade Social pr\u00f3ximo a mim\",\"entrega \u00e0 CEF por meio da Conectividade Social Sacom\u00e3\",\"entrega \u00e0 CEF por meio da Conectividade Social Santo Andr\u00e9\",\"entrega \u00e0 CEF por meio da Conectividade Social S\u00e3o Caetano do Sul\",\"entrega \u00e0 CEF por meio da Conectividade Social S\u00e3o Paulo\",\"Entrega das obriga\u00e7\u00f5es acess\u00f3rias ABC\",\"Entrega das obriga\u00e7\u00f5es acess\u00f3rias Campestre\",\"Entrega das obriga\u00e7\u00f5es acess\u00f3rias em promo\u00e7\u00e3o\",\"Entrega das obriga\u00e7\u00f5es acess\u00f3rias em s\u00e3o paulo\",\"Entrega das obriga\u00e7\u00f5es acess\u00f3rias em sp\",\"Entrega das obriga\u00e7\u00f5es acess\u00f3rias perto de mim\",\"Entrega das obriga\u00e7\u00f5es acess\u00f3rias pre\u00e7o\",\"Entrega das obriga\u00e7\u00f5es acess\u00f3rias pr\u00f3ximo a mim\",\"Entrega das obriga\u00e7\u00f5es acess\u00f3rias Sacom\u00e3\",\"Entrega das obriga\u00e7\u00f5es acess\u00f3rias Santo Andr\u00e9\",\"Entrega das obriga\u00e7\u00f5es acess\u00f3rias S\u00e3o Caetano do Sul\",\"Entrega das obriga\u00e7\u00f5es acess\u00f3rias S\u00e3o Paulo\",\"fornecedor de admiss\u00f5es\",\"fornecedor de CAGED\",\"fornecedor de DIRF\",\"fornecedor de Elabora\u00e7\u00e3o da folha de pagamento\",\"fornecedor de Elabora\u00e7\u00e3o dos holerites\",\"fornecedor de entrega \u00e0 CEF por meio da Conectividade Social\",\"fornecedor de Entrega das obriga\u00e7\u00f5es acess\u00f3rias\",\"fornecedor de gest\u00e3o de colaboradores\",\"fornecedor de Gest\u00e3o de pessoal\",\"fornecedor de gest\u00e3o de pessoas\",\"fornecedor de guias de recolhimento dos encargos sociais e tributos\",\"fornecedor de homologa\u00e7\u00f5es no Sindicato e Minist\u00e9rio do Trabalho\",\"fornecedor de Preenchimento do programa SEFIP\",\"fornecedor de Processos de registro dos empregados\",\"fornecedor de RAIS E-Social\",\"fornecedor de rescis\u00f5es\",\"fornecedor de servi\u00e7o de gest\u00e3o de colaboradores\",\"fornecedor de servi\u00e7o de gest\u00e3o de pessoal\",\"fornecedor de servi\u00e7o de gest\u00e3o de pessoas\",\"gest\u00e3o de colaboradores ABC\",\"gest\u00e3o de colaboradores Campestre\",\"gest\u00e3o de colaboradores em promo\u00e7\u00e3o\",\"gest\u00e3o de colaboradores em s\u00e3o paulo\",\"gest\u00e3o de colaboradores em sp\",\"gest\u00e3o de colaboradores perto de mim\",\"gest\u00e3o de colaboradores pre\u00e7o\",\"gest\u00e3o de colaboradores pr\u00f3ximo a mim\",\"gest\u00e3o de colaboradores Sacom\u00e3\",\"gest\u00e3o de colaboradores Santo Andr\u00e9\",\"gest\u00e3o de colaboradores S\u00e3o Caetano do Sul\",\"gest\u00e3o de colaboradores S\u00e3o Paulo\",\"Gest\u00e3o de pessoal ABC\",\"Gest\u00e3o de pessoal Campestre\",\"Gest\u00e3o de pessoal em promo\u00e7\u00e3o\",\"Gest\u00e3o de pessoal em s\u00e3o paulo\",\"Gest\u00e3o de pessoal em sp\",\"Gest\u00e3o de pessoal perto de mim\",\"Gest\u00e3o de pessoal pre\u00e7o\",\"Gest\u00e3o de pessoal pr\u00f3ximo a mim\",\"Gest\u00e3o de pessoal Sacom\u00e3\",\"Gest\u00e3o de pessoal Santo Andr\u00e9\",\"Gest\u00e3o de pessoal S\u00e3o Caetano do Sul\",\"Gest\u00e3o de pessoal S\u00e3o Paulo\",\"gest\u00e3o de pessoas ABC\",\"gest\u00e3o de pessoas Campestre\",\"gest\u00e3o de pessoas em promo\u00e7\u00e3o\",\"gest\u00e3o de pessoas em s\u00e3o paulo\",\"gest\u00e3o de pessoas em sp\",\"gest\u00e3o de pessoas perto de mim\",\"gest\u00e3o de pessoas pre\u00e7o\",\"gest\u00e3o de pessoas pr\u00f3ximo a mim\",\"gest\u00e3o de pessoas Sacom\u00e3\",\"gest\u00e3o de pessoas Santo Andr\u00e9\",\"gest\u00e3o de pessoas S\u00e3o Caetano do Sul\",\"gest\u00e3o de pessoas S\u00e3o Paulo\",\"guias de recolhimento dos encargos sociais e tributos ABC\",\"guias de recolhimento dos encargos sociais e tributos Campestre\",\"guias de recolhimento dos encargos sociais e tributos em promo\u00e7\u00e3o\",\"guias de recolhimento dos encargos sociais e tributos em s\u00e3o paulo\",\"guias de recolhimento dos encargos sociais e tributos em sp\",\"guias de recolhimento dos encargos sociais e tributos perto de mim\",\"guias de recolhimento dos encargos sociais e tributos pre\u00e7o\",\"guias de recolhimento dos encargos sociais e tributos pr\u00f3ximo a mim\",\"guias de recolhimento dos encargos sociais e tributos Sacom\u00e3\",\"guias de recolhimento dos encargos sociais e tributos Santo Andr\u00e9\",\"guias de recolhimento dos encargos sociais e tributos S\u00e3o Caetano do Sul\",\"guias de recolhimento dos encargos sociais e tributos S\u00e3o Paulo\",\"homologa\u00e7\u00f5es no Sindicato e Minist\u00e9rio do Trabalho ABC\",\"homologa\u00e7\u00f5es no Sindicato e Minist\u00e9rio do Trabalho Campestre\",\"homologa\u00e7\u00f5es no Sindicato e Minist\u00e9rio do Trabalho em promo\u00e7\u00e3o\",\"homologa\u00e7\u00f5es no Sindicato e Minist\u00e9rio do Trabalho em s\u00e3o paulo\",\"homologa\u00e7\u00f5es no Sindicato e Minist\u00e9rio do Trabalho em sp\",\"homologa\u00e7\u00f5es no Sindicato e Minist\u00e9rio do Trabalho perto de mim\",\"homologa\u00e7\u00f5es no Sindicato e Minist\u00e9rio do Trabalho pre\u00e7o\",\"homologa\u00e7\u00f5es no Sindicato e Minist\u00e9rio do Trabalho pr\u00f3ximo a mim\",\"homologa\u00e7\u00f5es no Sindicato e Minist\u00e9rio do Trabalho Sacom\u00e3\",\"homologa\u00e7\u00f5es no Sindicato e Minist\u00e9rio do Trabalho Santo Andr\u00e9\",\"homologa\u00e7\u00f5es no Sindicato e Minist\u00e9rio do Trabalho S\u00e3o Caetano do Sul\",\"homologa\u00e7\u00f5es no Sindicato e Minist\u00e9rio do Trabalho S\u00e3o Paulo\",\"onde encontrar admiss\u00f5es\",\"onde encontrar CAGED\",\"onde encontrar DIRF\",\"onde encontrar Elabora\u00e7\u00e3o da folha de pagamento\",\"onde encontrar Elabora\u00e7\u00e3o dos holerites\",\"onde encontrar entrega \u00e0 CEF por meio da Conectividade Social\",\"onde encontrar Entrega das obriga\u00e7\u00f5es acess\u00f3rias\",\"onde encontrar gest\u00e3o de colaboradores\",\"onde encontrar Gest\u00e3o de pessoal\",\"onde encontrar gest\u00e3o de pessoas\",\"onde encontrar guias de recolhimento dos encargos sociais e tributos\",\"onde encontrar homologa\u00e7\u00f5es no Sindicato e Minist\u00e9rio do Trabalho\",\"onde encontrar Preenchimento do programa SEFIP\",\"onde encontrar Processos de registro dos empregados\",\"onde encontrar RAIS E-Social\",\"onde encontrar rescis\u00f5es\",\"onde encontrar servi\u00e7o de gest\u00e3o de colaboradores\",\"onde encontrar servi\u00e7o de gest\u00e3o de pessoal\",\"onde encontrar servi\u00e7o de gest\u00e3o de pessoas\",\"Preenchimento do programa SEFIP ABC\",\"Preenchimento do programa SEFIP Campestre\",\"Preenchimento do programa SEFIP em promo\u00e7\u00e3o\",\"Preenchimento do programa SEFIP em s\u00e3o paulo\",\"Preenchimento do programa SEFIP em sp\",\"Preenchimento do programa SEFIP perto de mim\",\"Preenchimento do programa SEFIP pre\u00e7o\",\"Preenchimento do programa SEFIP pr\u00f3ximo a mim\",\"Preenchimento do programa SEFIP Sacom\u00e3\",\"Preenchimento do programa SEFIP Santo Andr\u00e9\",\"Preenchimento do programa SEFIP S\u00e3o Caetano do Sul\",\"Preenchimento do programa SEFIP S\u00e3o Paulo\",\"Processos de registro dos empregados ABC\",\"Processos de registro dos empregados Campestre\",\"Processos de registro dos empregados em promo\u00e7\u00e3o\",\"Processos de registro dos empregados em s\u00e3o paulo\",\"Processos de registro dos empregados em sp\",\"Processos de registro dos empregados perto de mim\",\"Processos de registro dos empregados pre\u00e7o\",\"Processos de registro dos empregados pr\u00f3ximo a mim\",\"Processos de registro dos empregados Sacom\u00e3\",\"Processos de registro dos empregados Santo Andr\u00e9\",\"Processos de registro dos empregados S\u00e3o Caetano do Sul\",\"Processos de registro dos empregados S\u00e3o Paulo\",\"RAIS E-Social ABC\",\"RAIS E-Social Campestre\",\"RAIS E-Social em promo\u00e7\u00e3o\",\"RAIS E-Social em s\u00e3o paulo\",\"RAIS E-Social em sp\",\"RAIS E-Social perto de mim\",\"RAIS E-Social pre\u00e7o\",\"RAIS E-Social pr\u00f3ximo a mim\",\"RAIS E-Social Sacom\u00e3\",\"RAIS E-Social Santo Andr\u00e9\",\"RAIS E-Social S\u00e3o Caetano do Sul\",\"RAIS E-Social S\u00e3o Paulo\",\"rescis\u00f5es ABC\",\"rescis\u00f5es Campestre\",\"rescis\u00f5es em promo\u00e7\u00e3o\",\"rescis\u00f5es em s\u00e3o paulo\",\"rescis\u00f5es em sp\",\"rescis\u00f5es perto de mim\",\"rescis\u00f5es pre\u00e7o\",\"rescis\u00f5es pr\u00f3ximo a mim\",\"rescis\u00f5es Sacom\u00e3\",\"rescis\u00f5es Santo Andr\u00e9\",\"rescis\u00f5es S\u00e3o Caetano do Sul\",\"rescis\u00f5es S\u00e3o Paulo\",\"servi\u00e7o de admiss\u00f5es\",\"servi\u00e7o de CAGED\",\"servi\u00e7o de DIRF\",\"servi\u00e7o de Elabora\u00e7\u00e3o da folha de pagamento\",\"servi\u00e7o de Elabora\u00e7\u00e3o dos holerites\",\"servi\u00e7o de entrega \u00e0 CEF por meio da Conectividade Social\",\"servi\u00e7o de Entrega das obriga\u00e7\u00f5es acess\u00f3rias\",\"servi\u00e7o de gest\u00e3o de colaboradores\",\"servi\u00e7o de gest\u00e3o de colaboradores ABC\",\"servi\u00e7o de gest\u00e3o de colaboradores Campestre\",\"servi\u00e7o de gest\u00e3o de colaboradores em promo\u00e7\u00e3o\",\"servi\u00e7o de gest\u00e3o de colaboradores em s\u00e3o paulo\",\"servi\u00e7o de gest\u00e3o de colaboradores em sp\",\"servi\u00e7o de gest\u00e3o de colaboradores perto de mim\",\"servi\u00e7o de gest\u00e3o de colaboradores pre\u00e7o\",\"servi\u00e7o de gest\u00e3o de colaboradores pr\u00f3ximo a mim\",\"servi\u00e7o de gest\u00e3o de colaboradores Sacom\u00e3\",\"servi\u00e7o de gest\u00e3o de colaboradores Santo Andr\u00e9\",\"servi\u00e7o de gest\u00e3o de colaboradores S\u00e3o Caetano do Sul\",\"servi\u00e7o de gest\u00e3o de colaboradores S\u00e3o Paulo\",\"servi\u00e7o de Gest\u00e3o de pessoal\",\"servi\u00e7o de gest\u00e3o de pessoal ABC\",\"servi\u00e7o de gest\u00e3o de pessoal Campestre\",\"servi\u00e7o de gest\u00e3o de pessoal em promo\u00e7\u00e3o\",\"servi\u00e7o de gest\u00e3o de pessoal em s\u00e3o paulo\",\"servi\u00e7o de gest\u00e3o de pessoal em sp\",\"servi\u00e7o de gest\u00e3o de pessoal perto de mim\",\"servi\u00e7o de gest\u00e3o de pessoal pre\u00e7o\",\"servi\u00e7o de gest\u00e3o de pessoal pr\u00f3ximo a mim\",\"servi\u00e7o de gest\u00e3o de pessoal Sacom\u00e3\",\"servi\u00e7o de gest\u00e3o de pessoal Santo Andr\u00e9\",\"servi\u00e7o de gest\u00e3o de pessoal S\u00e3o Caetano do Sul\",\"servi\u00e7o de gest\u00e3o de pessoal S\u00e3o Paulo\",\"servi\u00e7o de gest\u00e3o de pessoas\",\"servi\u00e7o de gest\u00e3o de pessoas ABC\",\"servi\u00e7o de gest\u00e3o de pessoas Campestre\",\"servi\u00e7o de gest\u00e3o de pessoas em promo\u00e7\u00e3o\",\"servi\u00e7o de gest\u00e3o de pessoas em s\u00e3o paulo\",\"servi\u00e7o de gest\u00e3o de pessoas em sp\",\"servi\u00e7o de gest\u00e3o de pessoas perto de mim\",\"servi\u00e7o de gest\u00e3o de pessoas pre\u00e7o\",\"servi\u00e7o de gest\u00e3o de pessoas pr\u00f3ximo a mim\",\"servi\u00e7o de gest\u00e3o de pessoas Sacom\u00e3\",\"servi\u00e7o de gest\u00e3o de pessoas Santo Andr\u00e9\",\"servi\u00e7o de gest\u00e3o de pessoas S\u00e3o Caetano do Sul\",\"servi\u00e7o de gest\u00e3o de pessoas S\u00e3o Paulo\",\"servi\u00e7o de guias de recolhimento dos encargos sociais e tributos\",\"servi\u00e7o de homologa\u00e7\u00f5es no Sindicato e Minist\u00e9rio do Trabalho\",\"servi\u00e7o de Preenchimento do programa SEFIP\",\"servi\u00e7o de Processos de registro dos empregados\",\"servi\u00e7o de RAIS E-Social\",\"servi\u00e7o de rescis\u00f5es\",\"servi\u00e7o de servi\u00e7o de gest\u00e3o de colaboradores\",\"servi\u00e7o de servi\u00e7o de gest\u00e3o de pessoal\",\"servi\u00e7o de servi\u00e7o de gest\u00e3o de pessoas\"],\"articleSection\":[\"Uncategorized\"],\"inLanguage\":\"pt-BR\",\"potentialAction\":[{\"@type\":\"CommentAction\",\"name\":\"Comment\",\"target\":[\"https:\/\/portalassessoria.com.br\/blog\/2023\/12\/06\/gestao-de-pessoal-otimizando-os-resultados\/#respond\"]}]},{\"@type\":\"WebPage\",\"@id\":\"https:\/\/portalassessoria.com.br\/blog\/2023\/12\/06\/gestao-de-pessoal-otimizando-os-resultados\/\",\"url\":\"https:\/\/portalassessoria.com.br\/blog\/2023\/12\/06\/gestao-de-pessoal-otimizando-os-resultados\/\",\"name\":\"Gest\u00e3o de pessoal: Otimizando os resultados! - Portal Assessoria\",\"isPartOf\":{\"@id\":\"http:\/\/portalassessoria.com.br\/blog\/#website\"},\"primaryImageOfPage\":{\"@id\":\"https:\/\/portalassessoria.com.br\/blog\/2023\/12\/06\/gestao-de-pessoal-otimizando-os-resultados\/#primaryimage\"},\"image\":{\"@id\":\"https:\/\/portalassessoria.com.br\/blog\/2023\/12\/06\/gestao-de-pessoal-otimizando-os-resultados\/#primaryimage\"},\"thumbnailUrl\":\"https:\/\/portalassessoria.com.br\/blog\/wp-content\/uploads\/2023\/12\/GESTAO-2.jpg\",\"datePublished\":\"2023-12-06T11:29:58+00:00\",\"dateModified\":\"2023-12-07T12:35:49+00:00\",\"description\":\"Gest\u00e3o de pessoal: descubra os pontos-chave deste importante servi\u00e7o e, ao final, conhe\u00e7a uma empresa especializada.\",\"breadcrumb\":{\"@id\":\"https:\/\/portalassessoria.com.br\/blog\/2023\/12\/06\/gestao-de-pessoal-otimizando-os-resultados\/#breadcrumb\"},\"inLanguage\":\"pt-BR\",\"potentialAction\":[{\"@type\":\"ReadAction\",\"target\":[\"https:\/\/portalassessoria.com.br\/blog\/2023\/12\/06\/gestao-de-pessoal-otimizando-os-resultados\/\"]}]},{\"@type\":\"ImageObject\",\"inLanguage\":\"pt-BR\",\"@id\":\"https:\/\/portalassessoria.com.br\/blog\/2023\/12\/06\/gestao-de-pessoal-otimizando-os-resultados\/#primaryimage\",\"url\":\"https:\/\/portalassessoria.com.br\/blog\/wp-content\/uploads\/2023\/12\/GESTAO-2.jpg\",\"contentUrl\":\"https:\/\/portalassessoria.com.br\/blog\/wp-content\/uploads\/2023\/12\/GESTAO-2.jpg\",\"width\":740,\"height\":493},{\"@type\":\"BreadcrumbList\",\"@id\":\"https:\/\/portalassessoria.com.br\/blog\/2023\/12\/06\/gestao-de-pessoal-otimizando-os-resultados\/#breadcrumb\",\"itemListElement\":[{\"@type\":\"ListItem\",\"position\":1,\"name\":\"In\u00edcio\",\"item\":\"http:\/\/portalassessoria.com.br\/blog\/\"},{\"@type\":\"ListItem\",\"position\":2,\"name\":\"Gest\u00e3o de pessoal: Otimizando os resultados!\"}]},{\"@type\":\"WebSite\",\"@id\":\"http:\/\/portalassessoria.com.br\/blog\/#website\",\"url\":\"http:\/\/portalassessoria.com.br\/blog\/\",\"name\":\"Portal Assessoria\",\"description\":\"Blog Portal Assessoria\",\"publisher\":{\"@id\":\"http:\/\/portalassessoria.com.br\/blog\/#organization\"},\"potentialAction\":[{\"@type\":\"SearchAction\",\"target\":{\"@type\":\"EntryPoint\",\"urlTemplate\":\"http:\/\/portalassessoria.com.br\/blog\/?s={search_term_string}\"},\"query-input\":{\"@type\":\"PropertyValueSpecification\",\"valueRequired\":true,\"valueName\":\"search_term_string\"}}],\"inLanguage\":\"pt-BR\"},{\"@type\":\"Organization\",\"@id\":\"http:\/\/portalassessoria.com.br\/blog\/#organization\",\"name\":\"Portal Assessoria\",\"url\":\"http:\/\/portalassessoria.com.br\/blog\/\",\"logo\":{\"@type\":\"ImageObject\",\"inLanguage\":\"pt-BR\",\"@id\":\"http:\/\/portalassessoria.com.br\/blog\/#\/schema\/logo\/image\/\",\"url\":\"https:\/\/portalassessoria.com.br\/blog\/wp-content\/uploads\/2021\/03\/cropped-cropped-logo-header.png\",\"contentUrl\":\"https:\/\/portalassessoria.com.br\/blog\/wp-content\/uploads\/2021\/03\/cropped-cropped-logo-header.png\",\"width\":520,\"height\":151,\"caption\":\"Portal Assessoria\"},\"image\":{\"@id\":\"http:\/\/portalassessoria.com.br\/blog\/#\/schema\/logo\/image\/\"}},{\"@type\":\"Person\",\"@id\":\"http:\/\/portalassessoria.com.br\/blog\/#\/schema\/person\/e69f67123d69c7a5cf9d39385065e0c9\",\"name\":\"admin\",\"image\":{\"@type\":\"ImageObject\",\"inLanguage\":\"pt-BR\",\"@id\":\"http:\/\/portalassessoria.com.br\/blog\/#\/schema\/person\/image\/\",\"url\":\"https:\/\/secure.gravatar.com\/avatar\/d37a0a0d48ce7fdabfd6950e3c9cf28a8a1171192536af1adcf40fae5ccef0bf?s=96&d=mm&r=g\",\"contentUrl\":\"https:\/\/secure.gravatar.com\/avatar\/d37a0a0d48ce7fdabfd6950e3c9cf28a8a1171192536af1adcf40fae5ccef0bf?s=96&d=mm&r=g\",\"caption\":\"admin\"},\"sameAs\":[\"http:\/\/www.portalassessoria.com.br\/blog\"],\"url\":\"https:\/\/portalassessoria.com.br\/blog\/author\/admin\/\"}]}<\/script>\n<!-- \/ Yoast SEO plugin. -->","yoast_head_json":{"title":"Gest\u00e3o de pessoal: Otimizando os resultados! - Portal Assessoria","description":"Gest\u00e3o de pessoal: descubra os pontos-chave deste importante servi\u00e7o e, ao final, conhe\u00e7a uma empresa especializada.","robots":{"index":"index","follow":"follow","max-snippet":"max-snippet:-1","max-image-preview":"max-image-preview:large","max-video-preview":"max-video-preview:-1"},"canonical":"https:\/\/portalassessoria.com.br\/blog\/2023\/12\/06\/gestao-de-pessoal-otimizando-os-resultados\/","og_locale":"pt_BR","og_type":"article","og_title":"Gest\u00e3o de pessoal: Otimizando os resultados! - Portal Assessoria","og_description":"Gest\u00e3o de pessoal: descubra os pontos-chave deste importante servi\u00e7o e, ao final, conhe\u00e7a uma empresa especializada.","og_url":"https:\/\/portalassessoria.com.br\/blog\/2023\/12\/06\/gestao-de-pessoal-otimizando-os-resultados\/","og_site_name":"Portal Assessoria","article_published_time":"2023-12-06T11:29:58+00:00","article_modified_time":"2023-12-07T12:35:49+00:00","og_image":[{"width":740,"height":493,"url":"https:\/\/portalassessoria.com.br\/blog\/wp-content\/uploads\/2023\/12\/GESTAO-2.jpg","type":"image\/jpeg"}],"author":"admin","twitter_card":"summary_large_image","twitter_misc":{"Escrito por":"admin","Est. tempo de leitura":"5 minutos"},"schema":{"@context":"https:\/\/schema.org","@graph":[{"@type":"Article","@id":"https:\/\/portalassessoria.com.br\/blog\/2023\/12\/06\/gestao-de-pessoal-otimizando-os-resultados\/#article","isPartOf":{"@id":"https:\/\/portalassessoria.com.br\/blog\/2023\/12\/06\/gestao-de-pessoal-otimizando-os-resultados\/"},"author":{"name":"admin","@id":"http:\/\/portalassessoria.com.br\/blog\/#\/schema\/person\/e69f67123d69c7a5cf9d39385065e0c9"},"headline":"Gest\u00e3o de pessoal: Otimizando os resultados!","datePublished":"2023-12-06T11:29:58+00:00","dateModified":"2023-12-07T12:35:49+00:00","mainEntityOfPage":{"@id":"https:\/\/portalassessoria.com.br\/blog\/2023\/12\/06\/gestao-de-pessoal-otimizando-os-resultados\/"},"wordCount":789,"commentCount":0,"publisher":{"@id":"http:\/\/portalassessoria.com.br\/blog\/#organization"},"image":{"@id":"https:\/\/portalassessoria.com.br\/blog\/2023\/12\/06\/gestao-de-pessoal-otimizando-os-resultados\/#primaryimage"},"thumbnailUrl":"https:\/\/portalassessoria.com.br\/blog\/wp-content\/uploads\/2023\/12\/GESTAO-2.jpg","keywords":["admiss\u00f5es ABC","admiss\u00f5es Campestre","admiss\u00f5es em promo\u00e7\u00e3o","admiss\u00f5es em s\u00e3o paulo","admiss\u00f5es em sp","admiss\u00f5es perto de mim","admiss\u00f5es pre\u00e7o","admiss\u00f5es pr\u00f3ximo a mim","admiss\u00f5es Sacom\u00e3","admiss\u00f5es Santo Andr\u00e9","admiss\u00f5es S\u00e3o Caetano do Sul","admiss\u00f5es S\u00e3o Paulo","CAGED ABC","CAGED Campestre","CAGED em promo\u00e7\u00e3o","CAGED em s\u00e3o paulo","CAGED em sp","CAGED perto de mim","CAGED pre\u00e7o","CAGED pr\u00f3ximo a mim","CAGED Sacom\u00e3","CAGED Santo Andr\u00e9","CAGED S\u00e3o Caetano do Sul","CAGED S\u00e3o Paulo","DIRF ABC","DIRF Campestre","DIRF em promo\u00e7\u00e3o","DIRF em s\u00e3o paulo","DIRF em sp","DIRF perto de mim","DIRF pre\u00e7o","DIRF pr\u00f3ximo a mim","DIRF Sacom\u00e3","DIRF Santo Andr\u00e9","DIRF S\u00e3o Caetano do Sul","DIRF S\u00e3o Paulo","distribuidor de admiss\u00f5es","distribuidor de CAGED","distribuidor de DIRF","distribuidor de Elabora\u00e7\u00e3o da folha de pagamento","distribuidor de Elabora\u00e7\u00e3o dos holerites","distribuidor de entrega \u00e0 CEF por meio da Conectividade Social","distribuidor de Entrega das obriga\u00e7\u00f5es acess\u00f3rias","distribuidor de gest\u00e3o de colaboradores","distribuidor de Gest\u00e3o de pessoal","distribuidor de gest\u00e3o de pessoas","distribuidor de guias de recolhimento dos encargos sociais e tributos","distribuidor de homologa\u00e7\u00f5es no Sindicato e Minist\u00e9rio do Trabalho","distribuidor de Preenchimento do programa SEFIP","distribuidor de Processos de registro dos empregados","distribuidor de RAIS E-Social","distribuidor de rescis\u00f5es","distribuidor de servi\u00e7o de gest\u00e3o de colaboradores","distribuidor de servi\u00e7o de gest\u00e3o de pessoal","distribuidor de servi\u00e7o de gest\u00e3o de pessoas","distribuidora de admiss\u00f5es","distribuidora de CAGED","distribuidora de DIRF","distribuidora de Elabora\u00e7\u00e3o da folha de pagamento","distribuidora de Elabora\u00e7\u00e3o dos holerites","distribuidora de entrega \u00e0 CEF por meio da Conectividade Social","distribuidora de Entrega das obriga\u00e7\u00f5es acess\u00f3rias","distribuidora de gest\u00e3o de colaboradores","distribuidora de Gest\u00e3o de pessoal","distribuidora de gest\u00e3o de pessoas","distribuidora de guias de recolhimento dos encargos sociais e tributos","distribuidora de homologa\u00e7\u00f5es no Sindicato e Minist\u00e9rio do Trabalho","distribuidora de Preenchimento do programa SEFIP","distribuidora de Processos de registro dos empregados","distribuidora de RAIS E-Social","distribuidora de rescis\u00f5es","distribuidora de servi\u00e7o de gest\u00e3o de colaboradores","distribuidora de servi\u00e7o de gest\u00e3o de pessoal","distribuidora de servi\u00e7o de gest\u00e3o de pessoas","Elabora\u00e7\u00e3o da folha de pagamento ABC","Elabora\u00e7\u00e3o da folha de pagamento Campestre","Elabora\u00e7\u00e3o da folha de pagamento em promo\u00e7\u00e3o","Elabora\u00e7\u00e3o da folha de pagamento em s\u00e3o paulo","Elabora\u00e7\u00e3o da folha de pagamento em sp","Elabora\u00e7\u00e3o da folha de pagamento perto de mim","Elabora\u00e7\u00e3o da folha de pagamento pre\u00e7o","Elabora\u00e7\u00e3o da folha de pagamento pr\u00f3ximo a mim","Elabora\u00e7\u00e3o da folha de pagamento Sacom\u00e3","Elabora\u00e7\u00e3o da folha de pagamento Santo Andr\u00e9","Elabora\u00e7\u00e3o da folha de pagamento S\u00e3o Caetano do Sul","Elabora\u00e7\u00e3o da folha de pagamento S\u00e3o Paulo","Elabora\u00e7\u00e3o dos holerites ABC","Elabora\u00e7\u00e3o dos holerites Campestre","Elabora\u00e7\u00e3o dos holerites em promo\u00e7\u00e3o","Elabora\u00e7\u00e3o dos holerites em s\u00e3o paulo","Elabora\u00e7\u00e3o dos holerites em sp","Elabora\u00e7\u00e3o dos holerites perto de mim","Elabora\u00e7\u00e3o dos holerites pre\u00e7o","Elabora\u00e7\u00e3o dos holerites pr\u00f3ximo a mim","Elabora\u00e7\u00e3o dos holerites Sacom\u00e3","Elabora\u00e7\u00e3o dos holerites Santo Andr\u00e9","Elabora\u00e7\u00e3o dos holerites S\u00e3o Caetano do Sul","Elabora\u00e7\u00e3o dos holerites S\u00e3o Paulo","empresa de admiss\u00f5es","empresa de CAGED","empresa de DIRF","empresa de Elabora\u00e7\u00e3o da folha de pagamento","empresa de Elabora\u00e7\u00e3o dos holerites","empresa de entrega \u00e0 CEF por meio da Conectividade Social","empresa de Entrega das obriga\u00e7\u00f5es acess\u00f3rias","empresa de gest\u00e3o de colaboradores","empresa de Gest\u00e3o de pessoal","empresa de gest\u00e3o de pessoas","empresa de guias de recolhimento dos encargos sociais e tributos","empresa de homologa\u00e7\u00f5es no Sindicato e Minist\u00e9rio do Trabalho","empresa de Preenchimento do programa SEFIP","empresa de Processos de registro dos empregados","empresa de RAIS E-Social","empresa de rescis\u00f5es","empresa de servi\u00e7o de gest\u00e3o de colaboradores","empresa de servi\u00e7o de gest\u00e3o de pessoal","empresa de servi\u00e7o de gest\u00e3o de pessoas","entrega \u00e0 CEF por meio da Conectividade Social ABC","entrega \u00e0 CEF por meio da Conectividade Social Campestre","entrega \u00e0 CEF por meio da Conectividade Social em promo\u00e7\u00e3o","entrega \u00e0 CEF por meio da Conectividade Social em s\u00e3o paulo","entrega \u00e0 CEF por meio da Conectividade Social em sp","entrega \u00e0 CEF por meio da Conectividade Social perto de mim","entrega \u00e0 CEF por meio da Conectividade Social pre\u00e7o","entrega \u00e0 CEF por meio da Conectividade Social pr\u00f3ximo a mim","entrega \u00e0 CEF por meio da Conectividade Social Sacom\u00e3","entrega \u00e0 CEF por meio da Conectividade Social Santo Andr\u00e9","entrega \u00e0 CEF por meio da Conectividade Social S\u00e3o Caetano do Sul","entrega \u00e0 CEF por meio da Conectividade Social S\u00e3o Paulo","Entrega das obriga\u00e7\u00f5es acess\u00f3rias ABC","Entrega das obriga\u00e7\u00f5es acess\u00f3rias Campestre","Entrega das obriga\u00e7\u00f5es acess\u00f3rias em promo\u00e7\u00e3o","Entrega das obriga\u00e7\u00f5es acess\u00f3rias em s\u00e3o paulo","Entrega das obriga\u00e7\u00f5es acess\u00f3rias em sp","Entrega das obriga\u00e7\u00f5es acess\u00f3rias perto de mim","Entrega das obriga\u00e7\u00f5es acess\u00f3rias pre\u00e7o","Entrega das obriga\u00e7\u00f5es acess\u00f3rias pr\u00f3ximo a mim","Entrega das obriga\u00e7\u00f5es acess\u00f3rias Sacom\u00e3","Entrega das obriga\u00e7\u00f5es acess\u00f3rias Santo Andr\u00e9","Entrega das obriga\u00e7\u00f5es acess\u00f3rias S\u00e3o Caetano do Sul","Entrega das obriga\u00e7\u00f5es acess\u00f3rias S\u00e3o Paulo","fornecedor de admiss\u00f5es","fornecedor de CAGED","fornecedor de DIRF","fornecedor de Elabora\u00e7\u00e3o da folha de pagamento","fornecedor de Elabora\u00e7\u00e3o dos holerites","fornecedor de entrega \u00e0 CEF por meio da Conectividade Social","fornecedor de Entrega das obriga\u00e7\u00f5es acess\u00f3rias","fornecedor de gest\u00e3o de colaboradores","fornecedor de Gest\u00e3o de pessoal","fornecedor de gest\u00e3o de pessoas","fornecedor de guias de recolhimento dos encargos sociais e tributos","fornecedor de homologa\u00e7\u00f5es no Sindicato e Minist\u00e9rio do Trabalho","fornecedor de Preenchimento do programa SEFIP","fornecedor de Processos de registro dos empregados","fornecedor de RAIS E-Social","fornecedor de rescis\u00f5es","fornecedor de servi\u00e7o de gest\u00e3o de colaboradores","fornecedor de servi\u00e7o de gest\u00e3o de pessoal","fornecedor de servi\u00e7o de gest\u00e3o de pessoas","gest\u00e3o de colaboradores ABC","gest\u00e3o de colaboradores Campestre","gest\u00e3o de colaboradores em promo\u00e7\u00e3o","gest\u00e3o de colaboradores em s\u00e3o paulo","gest\u00e3o de colaboradores em sp","gest\u00e3o de colaboradores perto de mim","gest\u00e3o de colaboradores pre\u00e7o","gest\u00e3o de colaboradores pr\u00f3ximo a mim","gest\u00e3o de colaboradores Sacom\u00e3","gest\u00e3o de colaboradores Santo Andr\u00e9","gest\u00e3o de colaboradores S\u00e3o Caetano do Sul","gest\u00e3o de colaboradores S\u00e3o Paulo","Gest\u00e3o de pessoal ABC","Gest\u00e3o de pessoal Campestre","Gest\u00e3o de pessoal em promo\u00e7\u00e3o","Gest\u00e3o de pessoal em s\u00e3o paulo","Gest\u00e3o de pessoal em sp","Gest\u00e3o de pessoal perto de mim","Gest\u00e3o de pessoal pre\u00e7o","Gest\u00e3o de pessoal pr\u00f3ximo a mim","Gest\u00e3o de pessoal Sacom\u00e3","Gest\u00e3o de pessoal Santo Andr\u00e9","Gest\u00e3o de pessoal S\u00e3o Caetano do Sul","Gest\u00e3o de pessoal S\u00e3o Paulo","gest\u00e3o de pessoas ABC","gest\u00e3o de pessoas Campestre","gest\u00e3o de pessoas em promo\u00e7\u00e3o","gest\u00e3o de pessoas em s\u00e3o paulo","gest\u00e3o de pessoas em sp","gest\u00e3o de pessoas perto de mim","gest\u00e3o de pessoas pre\u00e7o","gest\u00e3o de pessoas pr\u00f3ximo a mim","gest\u00e3o de pessoas Sacom\u00e3","gest\u00e3o de pessoas Santo Andr\u00e9","gest\u00e3o de pessoas S\u00e3o Caetano do Sul","gest\u00e3o de pessoas S\u00e3o Paulo","guias de recolhimento dos encargos sociais e tributos ABC","guias de recolhimento dos encargos sociais e tributos Campestre","guias de recolhimento dos encargos sociais e tributos em promo\u00e7\u00e3o","guias de recolhimento dos encargos sociais e tributos em s\u00e3o paulo","guias de recolhimento dos encargos sociais e tributos em sp","guias de recolhimento dos encargos sociais e tributos perto de mim","guias de recolhimento dos encargos sociais e tributos pre\u00e7o","guias de recolhimento dos encargos sociais e tributos pr\u00f3ximo a mim","guias de recolhimento dos encargos sociais e tributos Sacom\u00e3","guias de recolhimento dos encargos sociais e tributos Santo Andr\u00e9","guias de recolhimento dos encargos sociais e tributos S\u00e3o Caetano do Sul","guias de recolhimento dos encargos sociais e tributos S\u00e3o Paulo","homologa\u00e7\u00f5es no Sindicato e Minist\u00e9rio do Trabalho ABC","homologa\u00e7\u00f5es no Sindicato e Minist\u00e9rio do Trabalho Campestre","homologa\u00e7\u00f5es no Sindicato e Minist\u00e9rio do Trabalho em promo\u00e7\u00e3o","homologa\u00e7\u00f5es no Sindicato e Minist\u00e9rio do Trabalho em s\u00e3o paulo","homologa\u00e7\u00f5es no Sindicato e Minist\u00e9rio do Trabalho em sp","homologa\u00e7\u00f5es no Sindicato e Minist\u00e9rio do Trabalho perto de mim","homologa\u00e7\u00f5es no Sindicato e Minist\u00e9rio do Trabalho pre\u00e7o","homologa\u00e7\u00f5es no Sindicato e Minist\u00e9rio do Trabalho pr\u00f3ximo a mim","homologa\u00e7\u00f5es no Sindicato e Minist\u00e9rio do Trabalho Sacom\u00e3","homologa\u00e7\u00f5es no Sindicato e Minist\u00e9rio do Trabalho Santo Andr\u00e9","homologa\u00e7\u00f5es no Sindicato e Minist\u00e9rio do Trabalho S\u00e3o Caetano do Sul","homologa\u00e7\u00f5es no Sindicato e Minist\u00e9rio do Trabalho S\u00e3o Paulo","onde encontrar admiss\u00f5es","onde encontrar CAGED","onde encontrar DIRF","onde encontrar Elabora\u00e7\u00e3o da folha de pagamento","onde encontrar Elabora\u00e7\u00e3o dos holerites","onde encontrar entrega \u00e0 CEF por meio da Conectividade Social","onde encontrar Entrega das obriga\u00e7\u00f5es acess\u00f3rias","onde encontrar gest\u00e3o de colaboradores","onde encontrar Gest\u00e3o de pessoal","onde encontrar gest\u00e3o de pessoas","onde encontrar guias de recolhimento dos encargos sociais e tributos","onde encontrar homologa\u00e7\u00f5es no Sindicato e Minist\u00e9rio do Trabalho","onde encontrar Preenchimento do programa SEFIP","onde encontrar Processos de registro dos empregados","onde encontrar RAIS E-Social","onde encontrar rescis\u00f5es","onde encontrar servi\u00e7o de gest\u00e3o de colaboradores","onde encontrar servi\u00e7o de gest\u00e3o de pessoal","onde encontrar servi\u00e7o de gest\u00e3o de pessoas","Preenchimento do programa SEFIP ABC","Preenchimento do programa SEFIP Campestre","Preenchimento do programa SEFIP em promo\u00e7\u00e3o","Preenchimento do programa SEFIP em s\u00e3o paulo","Preenchimento do programa SEFIP em sp","Preenchimento do programa SEFIP perto de mim","Preenchimento do programa SEFIP pre\u00e7o","Preenchimento do programa SEFIP pr\u00f3ximo a mim","Preenchimento do programa SEFIP Sacom\u00e3","Preenchimento do programa SEFIP Santo Andr\u00e9","Preenchimento do programa SEFIP S\u00e3o Caetano do Sul","Preenchimento do programa SEFIP S\u00e3o Paulo","Processos de registro dos empregados ABC","Processos de registro dos empregados Campestre","Processos de registro dos empregados em promo\u00e7\u00e3o","Processos de registro dos empregados em s\u00e3o paulo","Processos de registro dos empregados em sp","Processos de registro dos empregados perto de mim","Processos de registro dos empregados pre\u00e7o","Processos de registro dos empregados pr\u00f3ximo a mim","Processos de registro dos empregados Sacom\u00e3","Processos de registro dos empregados Santo Andr\u00e9","Processos de registro dos empregados S\u00e3o Caetano do Sul","Processos de registro dos empregados S\u00e3o Paulo","RAIS E-Social ABC","RAIS E-Social Campestre","RAIS E-Social em promo\u00e7\u00e3o","RAIS E-Social em s\u00e3o paulo","RAIS E-Social em sp","RAIS E-Social perto de mim","RAIS E-Social pre\u00e7o","RAIS E-Social pr\u00f3ximo a mim","RAIS E-Social Sacom\u00e3","RAIS E-Social Santo Andr\u00e9","RAIS E-Social S\u00e3o Caetano do Sul","RAIS E-Social S\u00e3o Paulo","rescis\u00f5es ABC","rescis\u00f5es Campestre","rescis\u00f5es em promo\u00e7\u00e3o","rescis\u00f5es em s\u00e3o paulo","rescis\u00f5es em sp","rescis\u00f5es perto de mim","rescis\u00f5es pre\u00e7o","rescis\u00f5es pr\u00f3ximo a mim","rescis\u00f5es Sacom\u00e3","rescis\u00f5es Santo Andr\u00e9","rescis\u00f5es S\u00e3o Caetano do Sul","rescis\u00f5es S\u00e3o Paulo","servi\u00e7o de admiss\u00f5es","servi\u00e7o de CAGED","servi\u00e7o de DIRF","servi\u00e7o de Elabora\u00e7\u00e3o da folha de pagamento","servi\u00e7o de Elabora\u00e7\u00e3o dos holerites","servi\u00e7o de entrega \u00e0 CEF por meio da Conectividade Social","servi\u00e7o de Entrega das obriga\u00e7\u00f5es acess\u00f3rias","servi\u00e7o de gest\u00e3o de colaboradores","servi\u00e7o de gest\u00e3o de colaboradores ABC","servi\u00e7o de gest\u00e3o de colaboradores Campestre","servi\u00e7o de gest\u00e3o de colaboradores em promo\u00e7\u00e3o","servi\u00e7o de gest\u00e3o de colaboradores em s\u00e3o paulo","servi\u00e7o de gest\u00e3o de colaboradores em sp","servi\u00e7o de gest\u00e3o de colaboradores perto de mim","servi\u00e7o de gest\u00e3o de colaboradores pre\u00e7o","servi\u00e7o de gest\u00e3o de colaboradores pr\u00f3ximo a mim","servi\u00e7o de gest\u00e3o de colaboradores Sacom\u00e3","servi\u00e7o de gest\u00e3o de colaboradores Santo Andr\u00e9","servi\u00e7o de gest\u00e3o de colaboradores S\u00e3o Caetano do Sul","servi\u00e7o de gest\u00e3o de colaboradores S\u00e3o Paulo","servi\u00e7o de Gest\u00e3o de pessoal","servi\u00e7o de gest\u00e3o de pessoal ABC","servi\u00e7o de gest\u00e3o de pessoal Campestre","servi\u00e7o de gest\u00e3o de pessoal em promo\u00e7\u00e3o","servi\u00e7o de gest\u00e3o de pessoal em s\u00e3o paulo","servi\u00e7o de gest\u00e3o de pessoal em sp","servi\u00e7o de gest\u00e3o de pessoal perto de mim","servi\u00e7o de gest\u00e3o de pessoal pre\u00e7o","servi\u00e7o de gest\u00e3o de pessoal pr\u00f3ximo a mim","servi\u00e7o de gest\u00e3o de pessoal Sacom\u00e3","servi\u00e7o de gest\u00e3o de pessoal Santo Andr\u00e9","servi\u00e7o de gest\u00e3o de pessoal S\u00e3o Caetano do Sul","servi\u00e7o de gest\u00e3o de pessoal S\u00e3o Paulo","servi\u00e7o de gest\u00e3o de pessoas","servi\u00e7o de gest\u00e3o de pessoas ABC","servi\u00e7o de gest\u00e3o de pessoas Campestre","servi\u00e7o de gest\u00e3o de pessoas em promo\u00e7\u00e3o","servi\u00e7o de gest\u00e3o de pessoas em s\u00e3o paulo","servi\u00e7o de gest\u00e3o de pessoas em sp","servi\u00e7o de gest\u00e3o de pessoas perto de mim","servi\u00e7o de gest\u00e3o de pessoas pre\u00e7o","servi\u00e7o de gest\u00e3o de pessoas pr\u00f3ximo a mim","servi\u00e7o de gest\u00e3o de pessoas Sacom\u00e3","servi\u00e7o de gest\u00e3o de pessoas Santo Andr\u00e9","servi\u00e7o de gest\u00e3o de pessoas S\u00e3o Caetano do Sul","servi\u00e7o de gest\u00e3o de pessoas S\u00e3o Paulo","servi\u00e7o de guias de recolhimento dos encargos sociais e tributos","servi\u00e7o de homologa\u00e7\u00f5es no Sindicato e Minist\u00e9rio do Trabalho","servi\u00e7o de Preenchimento do programa SEFIP","servi\u00e7o de Processos de registro dos empregados","servi\u00e7o de RAIS E-Social","servi\u00e7o de rescis\u00f5es","servi\u00e7o de servi\u00e7o de gest\u00e3o de colaboradores","servi\u00e7o de servi\u00e7o de gest\u00e3o de pessoal","servi\u00e7o de servi\u00e7o de gest\u00e3o de pessoas"],"articleSection":["Uncategorized"],"inLanguage":"pt-BR","potentialAction":[{"@type":"CommentAction","name":"Comment","target":["https:\/\/portalassessoria.com.br\/blog\/2023\/12\/06\/gestao-de-pessoal-otimizando-os-resultados\/#respond"]}]},{"@type":"WebPage","@id":"https:\/\/portalassessoria.com.br\/blog\/2023\/12\/06\/gestao-de-pessoal-otimizando-os-resultados\/","url":"https:\/\/portalassessoria.com.br\/blog\/2023\/12\/06\/gestao-de-pessoal-otimizando-os-resultados\/","name":"Gest\u00e3o de pessoal: Otimizando os resultados! - Portal Assessoria","isPartOf":{"@id":"http:\/\/portalassessoria.com.br\/blog\/#website"},"primaryImageOfPage":{"@id":"https:\/\/portalassessoria.com.br\/blog\/2023\/12\/06\/gestao-de-pessoal-otimizando-os-resultados\/#primaryimage"},"image":{"@id":"https:\/\/portalassessoria.com.br\/blog\/2023\/12\/06\/gestao-de-pessoal-otimizando-os-resultados\/#primaryimage"},"thumbnailUrl":"https:\/\/portalassessoria.com.br\/blog\/wp-content\/uploads\/2023\/12\/GESTAO-2.jpg","datePublished":"2023-12-06T11:29:58+00:00","dateModified":"2023-12-07T12:35:49+00:00","description":"Gest\u00e3o de pessoal: descubra os pontos-chave deste importante servi\u00e7o e, ao final, conhe\u00e7a uma empresa especializada.","breadcrumb":{"@id":"https:\/\/portalassessoria.com.br\/blog\/2023\/12\/06\/gestao-de-pessoal-otimizando-os-resultados\/#breadcrumb"},"inLanguage":"pt-BR","potentialAction":[{"@type":"ReadAction","target":["https:\/\/portalassessoria.com.br\/blog\/2023\/12\/06\/gestao-de-pessoal-otimizando-os-resultados\/"]}]},{"@type":"ImageObject","inLanguage":"pt-BR","@id":"https:\/\/portalassessoria.com.br\/blog\/2023\/12\/06\/gestao-de-pessoal-otimizando-os-resultados\/#primaryimage","url":"https:\/\/portalassessoria.com.br\/blog\/wp-content\/uploads\/2023\/12\/GESTAO-2.jpg","contentUrl":"https:\/\/portalassessoria.com.br\/blog\/wp-content\/uploads\/2023\/12\/GESTAO-2.jpg","width":740,"height":493},{"@type":"BreadcrumbList","@id":"https:\/\/portalassessoria.com.br\/blog\/2023\/12\/06\/gestao-de-pessoal-otimizando-os-resultados\/#breadcrumb","itemListElement":[{"@type":"ListItem","position":1,"name":"In\u00edcio","item":"http:\/\/portalassessoria.com.br\/blog\/"},{"@type":"ListItem","position":2,"name":"Gest\u00e3o de pessoal: Otimizando os resultados!"}]},{"@type":"WebSite","@id":"http:\/\/portalassessoria.com.br\/blog\/#website","url":"http:\/\/portalassessoria.com.br\/blog\/","name":"Portal Assessoria","description":"Blog Portal Assessoria","publisher":{"@id":"http:\/\/portalassessoria.com.br\/blog\/#organization"},"potentialAction":[{"@type":"SearchAction","target":{"@type":"EntryPoint","urlTemplate":"http:\/\/portalassessoria.com.br\/blog\/?s={search_term_string}"},"query-input":{"@type":"PropertyValueSpecification","valueRequired":true,"valueName":"search_term_string"}}],"inLanguage":"pt-BR"},{"@type":"Organization","@id":"http:\/\/portalassessoria.com.br\/blog\/#organization","name":"Portal Assessoria","url":"http:\/\/portalassessoria.com.br\/blog\/","logo":{"@type":"ImageObject","inLanguage":"pt-BR","@id":"http:\/\/portalassessoria.com.br\/blog\/#\/schema\/logo\/image\/","url":"https:\/\/portalassessoria.com.br\/blog\/wp-content\/uploads\/2021\/03\/cropped-cropped-logo-header.png","contentUrl":"https:\/\/portalassessoria.com.br\/blog\/wp-content\/uploads\/2021\/03\/cropped-cropped-logo-header.png","width":520,"height":151,"caption":"Portal Assessoria"},"image":{"@id":"http:\/\/portalassessoria.com.br\/blog\/#\/schema\/logo\/image\/"}},{"@type":"Person","@id":"http:\/\/portalassessoria.com.br\/blog\/#\/schema\/person\/e69f67123d69c7a5cf9d39385065e0c9","name":"admin","image":{"@type":"ImageObject","inLanguage":"pt-BR","@id":"http:\/\/portalassessoria.com.br\/blog\/#\/schema\/person\/image\/","url":"https:\/\/secure.gravatar.com\/avatar\/d37a0a0d48ce7fdabfd6950e3c9cf28a8a1171192536af1adcf40fae5ccef0bf?s=96&d=mm&r=g","contentUrl":"https:\/\/secure.gravatar.com\/avatar\/d37a0a0d48ce7fdabfd6950e3c9cf28a8a1171192536af1adcf40fae5ccef0bf?s=96&d=mm&r=g","caption":"admin"},"sameAs":["http:\/\/www.portalassessoria.com.br\/blog"],"url":"https:\/\/portalassessoria.com.br\/blog\/author\/admin\/"}]}},"_links":{"self":[{"href":"https:\/\/portalassessoria.com.br\/blog\/wp-json\/wp\/v2\/posts\/356","targetHints":{"allow":["GET"]}}],"collection":[{"href":"https:\/\/portalassessoria.com.br\/blog\/wp-json\/wp\/v2\/posts"}],"about":[{"href":"https:\/\/portalassessoria.com.br\/blog\/wp-json\/wp\/v2\/types\/post"}],"author":[{"embeddable":true,"href":"https:\/\/portalassessoria.com.br\/blog\/wp-json\/wp\/v2\/users\/1"}],"replies":[{"embeddable":true,"href":"https:\/\/portalassessoria.com.br\/blog\/wp-json\/wp\/v2\/comments?post=356"}],"version-history":[{"count":7,"href":"https:\/\/portalassessoria.com.br\/blog\/wp-json\/wp\/v2\/posts\/356\/revisions"}],"predecessor-version":[{"id":370,"href":"https:\/\/portalassessoria.com.br\/blog\/wp-json\/wp\/v2\/posts\/356\/revisions\/370"}],"wp:featuredmedia":[{"embeddable":true,"href":"https:\/\/portalassessoria.com.br\/blog\/wp-json\/wp\/v2\/media\/363"}],"wp:attachment":[{"href":"https:\/\/portalassessoria.com.br\/blog\/wp-json\/wp\/v2\/media?parent=356"}],"wp:term":[{"taxonomy":"category","embeddable":true,"href":"https:\/\/portalassessoria.com.br\/blog\/wp-json\/wp\/v2\/categories?post=356"},{"taxonomy":"post_tag","embeddable":true,"href":"https:\/\/portalassessoria.com.br\/blog\/wp-json\/wp\/v2\/tags?post=356"}],"curies":[{"name":"wp","href":"https:\/\/api.w.org\/{rel}","templated":true}]}}